{"id":1770,"date":"2010-09-28T19:57:55","date_gmt":"2010-09-28T17:57:55","guid":{"rendered":"http:\/\/www.eventi.es\/blog\/?p=14"},"modified":"2017-07-05T11:01:26","modified_gmt":"2017-07-05T11:01:26","slug":"dossiers-de-empresa-para-grupo-austen","status":"publish","type":"post","link":"https:\/\/www.eventi.es\/eventos\/dossiers-de-empresa-para-grupo-austen\/","title":{"rendered":"Dossiers de empresa para Grupo Austen"},"content":{"rendered":"<p style=\"text-align: justify;\"><a href=\"http:\/\/www.eventi.es\/blog\/wp-content\/uploads\/2010\/09\/dossier-Grupo-Austen1.jpg\"><img loading=\"lazy\" decoding=\"async\" class=\"alignleft size-full wp-image-28\" title=\"dossier Grupo Austen\" src=\"http:\/\/www.eventi.es\/blog\/wp-content\/uploads\/2010\/09\/dossier-Grupo-Austen1.jpg\" alt=\"\" width=\"150\" height=\"210\" \/><\/a>Grupo Austen es un grupo empresarial formado por las empresas Elliot Telecom, W.B. Austen y ElectroShips Galicia con sede en el pol\u00edgono R\u00edo do Pozo de Nar\u00f3n. Su actividad principal es el sector naval, industrial y terciario, centrados especialmente en instalaciones el\u00e9ctricas, as\u00ed como en los suministros industriales.<br \/>\nActualmente, Grupo Austen se encuentra inmerso en un proceso de internacionalizaci\u00f3n con la vista puesta en la apertura de mercados en otros pa\u00edses.<br \/>\nDentro de este proceso, recientemente viajaron a Australia, en una misi\u00f3n comercial impulsada por la C\u00e1mara de Comercio de Ferrol.<\/p>\n<p style=\"text-align: justify;\">Para la ocasi\u00f3n Eventi se encarg\u00f3 del dise\u00f1o y elaboraci\u00f3n del Dossier de Empresa, en un pr\u00e1ctico formato DIN A-4 en los idiomas espa\u00f1ol e ingl\u00e9s.<\/p>\n<p style=\"text-align: justify;\">Web de la empresa: <a href=\"www.grupoausten.es?phpMyAdmin=58a20baac54aa0adfad3b60752b9d120\" target=\"_blank\" rel=\"noopener\">www.grupoausten.es<\/a><\/p>\n","protected":false},"excerpt":{"rendered":"<p>Grupo Austen es un grupo empresarial formado por las empresas Elliot Telecom, W.B. Austen y ElectroShips Galicia con sede en el pol\u00edgono R\u00edo do Pozo de Nar\u00f3n. Su actividad principal es el sector naval, industrial y terciario, centrados especialmente en instalaciones el\u00e9ctricas, as\u00ed como en los suministros industriales. Actualmente, Grupo Austen se encuentra inmerso en un proceso de internacionalizaci\u00f3n con la vista puesta en la apertura de mercados en otros pa\u00edses. Dentro de este proceso, recientemente viajaron a Australia, en una misi\u00f3n comercial impulsada por la C\u00e1mara de Comercio de Ferrol. Para la ocasi\u00f3n Eventi se encarg\u00f3 del dise\u00f1o y elaboraci\u00f3n del Dossier de Empresa, en un pr\u00e1ctico formato DIN A-4 en los idiomas espa\u00f1ol e ingl\u00e9s. Web de la empresa: www.grupoausten.es<\/p>\n","protected":false},"author":1,"featured_media":0,"comment_status":"open","ping_status":"open","sticky":false,"template":"","format":"standard","meta":{"_themeisle_gutenberg_block_has_review":false,"footnotes":""},"categories":[15],"tags":[174,175,168],"class_list":["post-1770","post","type-post","status-publish","format-standard","hentry","category-noticias","tag-diseno-grafico","tag-identidad-corporativa","tag-publicidad"],"_links":{"self":[{"href":"https:\/\/www.eventi.es\/eventos\/wp-json\/wp\/v2\/posts\/1770","targetHints":{"allow":["GET"]}}],"collection":[{"href":"https:\/\/www.eventi.es\/eventos\/wp-json\/wp\/v2\/posts"}],"about":[{"href":"https:\/\/www.eventi.es\/eventos\/wp-json\/wp\/v2\/types\/post"}],"author":[{"embeddable":true,"href":"https:\/\/www.eventi.es\/eventos\/wp-json\/wp\/v2\/users\/1"}],"replies":[{"embeddable":true,"href":"https:\/\/www.eventi.es\/eventos\/wp-json\/wp\/v2\/comments?post=1770"}],"version-history":[{"count":1,"href":"https:\/\/www.eventi.es\/eventos\/wp-json\/wp\/v2\/posts\/1770\/revisions"}],"predecessor-version":[{"id":1803,"href":"https:\/\/www.eventi.es\/eventos\/wp-json\/wp\/v2\/posts\/1770\/revisions\/1803"}],"wp:attachment":[{"href":"https:\/\/www.eventi.es\/eventos\/wp-json\/wp\/v2\/media?parent=1770"}],"wp:term":[{"taxonomy":"category","embeddable":true,"href":"https:\/\/www.eventi.es\/eventos\/wp-json\/wp\/v2\/categories?post=1770"},{"taxonomy":"post_tag","embeddable":true,"href":"https:\/\/www.eventi.es\/eventos\/wp-json\/wp\/v2\/tags?post=1770"}],"curies":[{"name":"wp","href":"https:\/\/api.w.org\/{rel}","templated":true}]}}