{"id":1813,"date":"2010-11-29T21:36:52","date_gmt":"2010-11-29T19:36:52","guid":{"rendered":"http:\/\/www.eventi.es\/blog\/?p=58"},"modified":"2017-07-05T11:15:43","modified_gmt":"2017-07-05T11:15:43","slug":"exito-en-la-gala-del-deporte-de-naron","status":"publish","type":"post","link":"https:\/\/www.eventi.es\/eventos\/exito-en-la-gala-del-deporte-de-naron\/","title":{"rendered":"Exito en la Gala del Deporte de Nar\u00f3n"},"content":{"rendered":"<p><a href=\"http:\/\/www.eventi.es\/blog\/wp-content\/uploads\/2010\/11\/azafatas_Eventi_gala_deporte_2010.jpg\"><img loading=\"lazy\" decoding=\"async\" class=\"alignleft size-medium wp-image-70\" title=\"azafatas_Eventi_gala_deporte_2010\" src=\"http:\/\/www.eventi.es\/blog\/wp-content\/uploads\/2010\/11\/azafatas_Eventi_gala_deporte_2010-300x225.jpg\" alt=\"Azaftas de Eventi en la Gala del Deporte de Nar\u00f3n 2010\" width=\"300\" height=\"225\" \/><\/a>La verdad es que cuando uno tiene a su lado a un equipo de personal bien preparado, coordinado y compenetrado, y con ganas de hacer las cosas bien, tiene casi todas las papeletas de que los trabajos van a ser un \u00e9xito.<\/p>\n<p>Y eso que hemos arriesgado; hemos puesto la carne en el asador como se suele decir, incorporando a dos chicas nuevas en el evento, y entregando la responsabilidad de una larga y algo compleja entrega de premios (m\u00e1s de 50, aparte de los diplomas) a dos de nuestras azafatas que, aunque hab\u00edan hecho otras entregas de premios, \u00e9stas hab\u00edan sido m\u00e1s sencillas.<\/p>\n<p>Personalmente, mi enhorabuena a todo el equipo. Estoy muy orgullososo de ellas.<\/p>\n<p>Gracias, c\u00f3mo no, a los responsables y concejales de deportes de Nar\u00f3n por haber confiado un a\u00f1o m\u00e1s en Eventi.<\/p>\n","protected":false},"excerpt":{"rendered":"<p>La verdad es que cuando uno tiene a su lado a un equipo de personal bien preparado, coordinado y compenetrado, y con ganas de hacer las cosas bien, tiene casi todas las papeletas de que los trabajos van a ser un \u00e9xito. Y eso que hemos arriesgado; hemos puesto la carne en el asador como se suele decir, incorporando a dos chicas nuevas en el evento, y entregando la responsabilidad de una larga y algo compleja entrega de premios (m\u00e1s de 50, aparte de los diplomas) a dos de nuestras azafatas que, aunque hab\u00edan hecho otras entregas de premios, \u00e9stas hab\u00edan sido m\u00e1s sencillas. Personalmente, mi enhorabuena a todo el equipo. Estoy muy orgullososo de ellas. Gracias, c\u00f3mo no, a los responsables y concejales de deportes de Nar\u00f3n por haber confiado un a\u00f1o m\u00e1s en Eventi.<\/p>\n","protected":false},"author":1,"featured_media":0,"comment_status":"open","ping_status":"open","sticky":false,"template":"","format":"standard","meta":{"_themeisle_gutenberg_block_has_review":false,"footnotes":""},"categories":[18],"tags":[184,189,188,186,187,190],"class_list":["post-1813","post","type-post","status-publish","format-standard","hentry","category-eventos","tag-azafatas","tag-ceremonial","tag-entrega-de-premios","tag-gala-deporte","tag-galas","tag-protocolo"],"_links":{"self":[{"href":"https:\/\/www.eventi.es\/eventos\/wp-json\/wp\/v2\/posts\/1813","targetHints":{"allow":["GET"]}}],"collection":[{"href":"https:\/\/www.eventi.es\/eventos\/wp-json\/wp\/v2\/posts"}],"about":[{"href":"https:\/\/www.eventi.es\/eventos\/wp-json\/wp\/v2\/types\/post"}],"author":[{"embeddable":true,"href":"https:\/\/www.eventi.es\/eventos\/wp-json\/wp\/v2\/users\/1"}],"replies":[{"embeddable":true,"href":"https:\/\/www.eventi.es\/eventos\/wp-json\/wp\/v2\/comments?post=1813"}],"version-history":[{"count":1,"href":"https:\/\/www.eventi.es\/eventos\/wp-json\/wp\/v2\/posts\/1813\/revisions"}],"predecessor-version":[{"id":1847,"href":"https:\/\/www.eventi.es\/eventos\/wp-json\/wp\/v2\/posts\/1813\/revisions\/1847"}],"wp:attachment":[{"href":"https:\/\/www.eventi.es\/eventos\/wp-json\/wp\/v2\/media?parent=1813"}],"wp:term":[{"taxonomy":"category","embeddable":true,"href":"https:\/\/www.eventi.es\/eventos\/wp-json\/wp\/v2\/categories?post=1813"},{"taxonomy":"post_tag","embeddable":true,"href":"https:\/\/www.eventi.es\/eventos\/wp-json\/wp\/v2\/tags?post=1813"}],"curies":[{"name":"wp","href":"https:\/\/api.w.org\/{rel}","templated":true}]}}