{"id":1815,"date":"2010-11-22T19:54:09","date_gmt":"2010-11-22T17:54:09","guid":{"rendered":"http:\/\/www.eventi.es\/blog\/?p=56"},"modified":"2017-07-05T11:17:13","modified_gmt":"2017-07-05T11:17:13","slug":"un-adelanto-de-lo-que-estamos-preparando","status":"publish","type":"post","link":"https:\/\/www.eventi.es\/eventos\/un-adelanto-de-lo-que-estamos-preparando\/","title":{"rendered":"Un adelanto de lo que estamos preparando"},"content":{"rendered":"<p>Estamos preparando el calendario de eventos del pr\u00f3ximo a\u00f1o. Aunque todav\u00eda debemos definir fechas y, en algunos casos, ubicaciones, s\u00ed podemos adelantar alguno de los proyectos:<\/p>\n<ul>\n<li><span style=\"color: #ff0000;\">Medisalud<\/span>: feria de la salud y el bienestar. Este proyecto lo tenemos en cartera desde hace cuatro a\u00f1os, cuando lo hab\u00edamos propuesto como parte del calendario anual del recinto ferial de Ferrol.<\/li>\n<li><span style=\"color: #ff0000;\">Ferveza<\/span>: la feria de la cerveza. Al igual que Medisalud, formaba parte de la propuesta de ideas para incluir en el calendario del recinto ferial de Ferrol<\/li>\n<li><span style=\"color: #ff0000;\">TodoDeporte<\/span>: feria del deporte y actividades de ocio. Formaba parte del paquete anterior.<\/li>\n<li><span style=\"color: #ff0000;\">Franqu\u00edciaT<\/span>: feria de la franquicia<\/li>\n<\/ul>\n<p>Estos d\u00edas intentaremos coordinar calendarios y ubicaciones, para ir adelantando m\u00e1s datos.<\/p>\n","protected":false},"excerpt":{"rendered":"<p>Estamos preparando el calendario de eventos del pr\u00f3ximo a\u00f1o. Aunque todav\u00eda debemos definir fechas y, en algunos casos, ubicaciones, s\u00ed podemos adelantar alguno de los proyectos: Medisalud: feria de la salud y el bienestar. Este proyecto lo tenemos en cartera desde hace cuatro a\u00f1os, cuando lo hab\u00edamos propuesto como parte del calendario anual del recinto ferial de Ferrol. Ferveza: la feria de la cerveza. Al igual que Medisalud, formaba parte de la propuesta de ideas para incluir en el calendario del recinto ferial de Ferrol TodoDeporte: feria del deporte y actividades de ocio. Formaba parte del paquete anterior. Franqu\u00edciaT: feria de la franquicia Estos d\u00edas intentaremos coordinar calendarios y ubicaciones, para ir adelantando m\u00e1s datos.<\/p>\n","protected":false},"author":1,"featured_media":0,"comment_status":"open","ping_status":"open","sticky":false,"template":"","format":"standard","meta":{"_themeisle_gutenberg_block_has_review":false,"footnotes":""},"categories":[136],"tags":[177,20,29],"class_list":["post-1815","post","type-post","status-publish","format-standard","hentry","category-ferias","tag-eventi","tag-eventos","tag-ferias"],"_links":{"self":[{"href":"https:\/\/www.eventi.es\/eventos\/wp-json\/wp\/v2\/posts\/1815","targetHints":{"allow":["GET"]}}],"collection":[{"href":"https:\/\/www.eventi.es\/eventos\/wp-json\/wp\/v2\/posts"}],"about":[{"href":"https:\/\/www.eventi.es\/eventos\/wp-json\/wp\/v2\/types\/post"}],"author":[{"embeddable":true,"href":"https:\/\/www.eventi.es\/eventos\/wp-json\/wp\/v2\/users\/1"}],"replies":[{"embeddable":true,"href":"https:\/\/www.eventi.es\/eventos\/wp-json\/wp\/v2\/comments?post=1815"}],"version-history":[{"count":1,"href":"https:\/\/www.eventi.es\/eventos\/wp-json\/wp\/v2\/posts\/1815\/revisions"}],"predecessor-version":[{"id":1848,"href":"https:\/\/www.eventi.es\/eventos\/wp-json\/wp\/v2\/posts\/1815\/revisions\/1848"}],"wp:attachment":[{"href":"https:\/\/www.eventi.es\/eventos\/wp-json\/wp\/v2\/media?parent=1815"}],"wp:term":[{"taxonomy":"category","embeddable":true,"href":"https:\/\/www.eventi.es\/eventos\/wp-json\/wp\/v2\/categories?post=1815"},{"taxonomy":"post_tag","embeddable":true,"href":"https:\/\/www.eventi.es\/eventos\/wp-json\/wp\/v2\/tags?post=1815"}],"curies":[{"name":"wp","href":"https:\/\/api.w.org\/{rel}","templated":true}]}}