{"id":1851,"date":"2011-01-11T19:34:26","date_gmt":"2011-01-11T17:34:26","guid":{"rendered":"http:\/\/www.eventi.es\/blog\/?p=87"},"modified":"2017-07-05T11:32:05","modified_gmt":"2017-07-05T11:32:05","slug":"finalizamos-la-campana-comprando-en-naron-ti-ganas","status":"publish","type":"post","link":"https:\/\/www.eventi.es\/eventos\/finalizamos-la-campana-comprando-en-naron-ti-ganas\/","title":{"rendered":"Finalizamos la campa\u00f1a \u00abComprando en Nar\u00f3n, ti ganas\u00bb"},"content":{"rendered":"<p style=\"text-align: justify;\">La campa\u00f1a, que ten\u00eda como objetivo promocionar al peque\u00f1o comercio de la ciudad de Nar\u00f3n, se dividi\u00f3 en tres acciones que se desarrollaron entre el 1 de Diciembre de 2010 y el 6 de Enero de 2011.<\/p>\n<p style=\"text-align: justify;\">En ella participaron casi un centenar de establecimientos, que repartieron un total de 22.000 papeletas con las que los clientes participaron en los sorteos de 10 cestas de navidad valoradas en 150 euros cada una, as\u00ed como en cuatro premios finales consistentes en 2 vales de compra de 1000 euros cada uno, y otros dos vales de compra de 500 euros cada uno.<\/p>\n<p style=\"text-align: justify;\">El \u00e9xito de la campa\u00f1a permiti\u00f3 no s\u00f3lo dar a conocer el peque\u00f1o comercio local, sino dotar a los comerciantes de un argumento m\u00e1s para incentivar las ventas en tiempos de crisis.<\/p>\n","protected":false},"excerpt":{"rendered":"<p>La campa\u00f1a, que ten\u00eda como objetivo promocionar al peque\u00f1o comercio de la ciudad de Nar\u00f3n, se dividi\u00f3 en tres acciones que se desarrollaron entre el 1 de Diciembre de 2010 y el 6 de Enero de 2011. En ella participaron casi un centenar de establecimientos, que repartieron un total de 22.000 papeletas con las que los clientes participaron en los sorteos de 10 cestas de navidad valoradas en 150 euros cada una, as\u00ed como en cuatro premios finales consistentes en 2 vales de compra de 1000 euros cada uno, y otros dos vales de compra de 500 euros cada uno. El \u00e9xito de la campa\u00f1a permiti\u00f3 no s\u00f3lo dar a conocer el peque\u00f1o comercio local, sino dotar a los comerciantes de un argumento m\u00e1s para incentivar las ventas en tiempos de crisis.<\/p>\n","protected":false},"author":1,"featured_media":0,"comment_status":"open","ping_status":"open","sticky":false,"template":"","format":"standard","meta":{"_themeisle_gutenberg_block_has_review":false,"footnotes":""},"categories":[193,15],"tags":[177,20,167,169,168],"class_list":["post-1851","post","type-post","status-publish","format-standard","hentry","category-marketing","category-noticias","tag-eventi","tag-eventos","tag-marketing","tag-pequeno-comercio","tag-publicidad"],"_links":{"self":[{"href":"https:\/\/www.eventi.es\/eventos\/wp-json\/wp\/v2\/posts\/1851","targetHints":{"allow":["GET"]}}],"collection":[{"href":"https:\/\/www.eventi.es\/eventos\/wp-json\/wp\/v2\/posts"}],"about":[{"href":"https:\/\/www.eventi.es\/eventos\/wp-json\/wp\/v2\/types\/post"}],"author":[{"embeddable":true,"href":"https:\/\/www.eventi.es\/eventos\/wp-json\/wp\/v2\/users\/1"}],"replies":[{"embeddable":true,"href":"https:\/\/www.eventi.es\/eventos\/wp-json\/wp\/v2\/comments?post=1851"}],"version-history":[{"count":1,"href":"https:\/\/www.eventi.es\/eventos\/wp-json\/wp\/v2\/posts\/1851\/revisions"}],"predecessor-version":[{"id":1893,"href":"https:\/\/www.eventi.es\/eventos\/wp-json\/wp\/v2\/posts\/1851\/revisions\/1893"}],"wp:attachment":[{"href":"https:\/\/www.eventi.es\/eventos\/wp-json\/wp\/v2\/media?parent=1851"}],"wp:term":[{"taxonomy":"category","embeddable":true,"href":"https:\/\/www.eventi.es\/eventos\/wp-json\/wp\/v2\/categories?post=1851"},{"taxonomy":"post_tag","embeddable":true,"href":"https:\/\/www.eventi.es\/eventos\/wp-json\/wp\/v2\/tags?post=1851"}],"curies":[{"name":"wp","href":"https:\/\/api.w.org\/{rel}","templated":true}]}}