{"id":1862,"date":"2011-02-04T17:07:59","date_gmt":"2011-02-04T17:07:59","guid":{"rendered":"http:\/\/www.eventi.es\/blog\/?p=98"},"modified":"2017-07-05T11:29:32","modified_gmt":"2017-07-05T11:29:32","slug":"congreso-os-celtas-da-europa-atlantica","status":"publish","type":"post","link":"https:\/\/www.eventi.es\/eventos\/congreso-os-celtas-da-europa-atlantica\/","title":{"rendered":"Congreso \u00abOs Celtas da Europa Atl\u00e1ntica\u00bb"},"content":{"rendered":"<p>Los pr\u00f3ximos d\u00edas 15, 16 y 17 de Abril de 2011 tendr\u00e1 lugar el III Congreso Internacional de Estudos Celtas, que con el t\u00edtulo \u00abOs celtas da Europa Atl\u00e1ntica\u00bb congregar\u00e1 a m\u00e1s de 30 expertos ponentes de renombre internacional.<\/p>\n<p>Desde principios de Febrero, Eventi ha sido contratada para hacerse cargo de la secretar\u00eda T\u00e9cnica del congreso.<\/p>\n<p><span style=\"text-decoration: line-through;\">En breve publicaremos el programa y ampliaremos la informaci\u00f3n del evento.<\/span><\/p>\n<p><strong>01\/04\/2011:<\/strong> Actualizaci\u00f3n.<\/p>\n<p>A efectos informativos, desde Eventi queremos hacer p\u00fablicas las tareas para las cuales hemos sido contratados como Secretar\u00eda T\u00e9cnica del Congreso:<\/p>\n<ul>\n<li>1 persona de contacto directo (v\u00eda tel\u00e9fono, tel\u00e9fono m\u00f3vil y email) a disposici\u00f3n en nuestra oficina en horario de lunes a jueves, de 8:30 a 14:30h y los viernes de 10:30 a 13:30h, reforzada por una auxiliar de lunes a jueves, de 16:00 a 19:00h y un supervisor de servicio en el mismo horario.<\/li>\n<li>Briefing: los lunes a partir de las 10:30h.<\/li>\n<li>Creaci\u00f3n de una cuenta de correo espec\u00edfica para comunicaciones internas\/externas.<\/li>\n<li>Coordinaci\u00f3n, apoyo y colaboraci\u00f3n con el Comit\u00e9 Organizador.<\/li>\n<li>Recepci\u00f3n y control de inscripciones.<\/li>\n<li>Coordinaci\u00f3n y supervisi\u00f3n log\u00edstica.<\/li>\n<li>Coordinaci\u00f3n y supervisi\u00f3n t\u00e9cnica.<\/li>\n<\/ul>\n<p><span style=\"color: #808080;\"><em>Personal de Eventi: ten\u00e9is m\u00e1s informaci\u00f3n sobre este particular en la <a href=\"http:\/\/www.eventi.es\/intranet\" target=\"_blank\">intranet<\/a>.<\/em><\/span><\/p>\n","protected":false},"excerpt":{"rendered":"<p>Los pr\u00f3ximos d\u00edas 15, 16 y 17 de Abril de 2011 tendr\u00e1 lugar el III Congreso Internacional de Estudos Celtas, que con el t\u00edtulo \u00abOs celtas da Europa Atl\u00e1ntica\u00bb congregar\u00e1 a m\u00e1s de 30 expertos ponentes de renombre internacional. Desde principios de Febrero, Eventi ha sido contratada para hacerse cargo de la secretar\u00eda T\u00e9cnica del congreso. En breve publicaremos el programa y ampliaremos la informaci\u00f3n del evento. 01\/04\/2011: Actualizaci\u00f3n. A efectos informativos, desde Eventi queremos hacer p\u00fablicas las tareas para las cuales hemos sido contratados como Secretar\u00eda T\u00e9cnica del Congreso: 1 persona de contacto directo (v\u00eda tel\u00e9fono, tel\u00e9fono m\u00f3vil y email) a disposici\u00f3n en nuestra oficina en horario de lunes a jueves, de 8:30 a 14:30h y los viernes de 10:30 a 13:30h, reforzada por una auxiliar de lunes a jueves, de 16:00 a 19:00h y un supervisor de servicio en el mismo horario. Briefing: los lunes a partir de las 10:30h. Creaci\u00f3n de una cuenta de correo espec\u00edfica para comunicaciones internas\/externas. Coordinaci\u00f3n, apoyo y colaboraci\u00f3n con el Comit\u00e9 Organizador. Recepci\u00f3n y control de inscripciones. Coordinaci\u00f3n y supervisi\u00f3n log\u00edstica. Coordinaci\u00f3n y supervisi\u00f3n t\u00e9cnica. Personal de Eventi: ten\u00e9is m\u00e1s informaci\u00f3n sobre este particular en la intranet.<\/p>\n","protected":false},"author":1,"featured_media":0,"comment_status":"open","ping_status":"open","sticky":false,"template":"","format":"standard","meta":{"_themeisle_gutenberg_block_has_review":false,"footnotes":""},"categories":[129],"tags":[192,177,20],"class_list":["post-1862","post","type-post","status-publish","format-standard","hentry","category-congresos","tag-congresos","tag-eventi","tag-eventos"],"_links":{"self":[{"href":"https:\/\/www.eventi.es\/eventos\/wp-json\/wp\/v2\/posts\/1862","targetHints":{"allow":["GET"]}}],"collection":[{"href":"https:\/\/www.eventi.es\/eventos\/wp-json\/wp\/v2\/posts"}],"about":[{"href":"https:\/\/www.eventi.es\/eventos\/wp-json\/wp\/v2\/types\/post"}],"author":[{"embeddable":true,"href":"https:\/\/www.eventi.es\/eventos\/wp-json\/wp\/v2\/users\/1"}],"replies":[{"embeddable":true,"href":"https:\/\/www.eventi.es\/eventos\/wp-json\/wp\/v2\/comments?post=1862"}],"version-history":[{"count":1,"href":"https:\/\/www.eventi.es\/eventos\/wp-json\/wp\/v2\/posts\/1862\/revisions"}],"predecessor-version":[{"id":1890,"href":"https:\/\/www.eventi.es\/eventos\/wp-json\/wp\/v2\/posts\/1862\/revisions\/1890"}],"wp:attachment":[{"href":"https:\/\/www.eventi.es\/eventos\/wp-json\/wp\/v2\/media?parent=1862"}],"wp:term":[{"taxonomy":"category","embeddable":true,"href":"https:\/\/www.eventi.es\/eventos\/wp-json\/wp\/v2\/categories?post=1862"},{"taxonomy":"post_tag","embeddable":true,"href":"https:\/\/www.eventi.es\/eventos\/wp-json\/wp\/v2\/tags?post=1862"}],"curies":[{"name":"wp","href":"https:\/\/api.w.org\/{rel}","templated":true}]}}