{"id":1906,"date":"2012-09-26T12:52:09","date_gmt":"2012-09-26T12:52:09","guid":{"rendered":"http:\/\/www.eventi.es\/blog\/?p=142"},"modified":"2017-07-05T11:38:44","modified_gmt":"2017-07-05T11:38:44","slug":"renovamos-la-web","status":"publish","type":"post","link":"https:\/\/www.eventi.es\/eventos\/renovamos-la-web\/","title":{"rendered":"Renovamos la web"},"content":{"rendered":"<p><a href=\"http:\/\/www.eventi.es\/blog\/wp-content\/uploads\/2012\/09\/web_eventi.jpg\"><img loading=\"lazy\" decoding=\"async\" class=\"alignleft size-medium wp-image-143\" title=\"web_eventi\" src=\"http:\/\/www.eventi.es\/blog\/wp-content\/uploads\/2012\/09\/web_eventi-300x220.jpg\" alt=\"nueva web Eventi 2012\" width=\"300\" height=\"220\" \/><\/a>Si, por fin hemos conseguido hacer un hueco para redise\u00f1ar la web, que ya llevaba 3 a\u00f1os sin actualizarse; algo imperdonable.<\/p>\n<p>En el redise\u00f1o se han empleado las \u00faltimas tendencias tanto en dise\u00f1o y maquetaci\u00f3n, como en programaci\u00f3n. Se incorpora HTML5 y CSS3 en maquetaci\u00f3n -con sus necesarios \u00abparches\u00bb para Explorer &#8211; y como lenguajes de programaci\u00f3n, javascript, php y Ajax.<\/p>\n<p>La nueva maquetaci\u00f3n es mobile-friendly, lo que permite que la misma se adapte como un guante a todo tipo de dispositivos m\u00f3viles, independientemente del tama\u00f1o de su pantalla, incluso en las de tipo retina.<\/p>\n<p>Hemos incorporado scripts de Ajax que mejoran las carga de contenidos empleando un sistema de transiciones que convierten las diferentes secciones en anclas. Si por alguna raz\u00f3n el navegador no es compatible con llamadas AJAX las nuevas p\u00e1ginas se cargan como enlaces normales cargando la vista de todo el nuevo contenido.<\/p>\n<p>Al dise\u00f1o de estilos CSS se ha a\u00f1adido la ampliaci\u00f3n LESS permitiendo el uso de variables, funciones, operaciones aritm\u00e9ticas&#8230; para acelerar y enriquecer los estilos.<\/p>\n<p>En sucesivos d\u00edas iremos a\u00f1adiendo alguna mejora y alguna secci\u00f3n nueva.<\/p>\n<p>Esperamos que os guste la nueva web.<\/p>\n","protected":false},"excerpt":{"rendered":"<p>Si, por fin hemos conseguido hacer un hueco para redise\u00f1ar la web, que ya llevaba 3 a\u00f1os sin actualizarse; algo imperdonable. En el redise\u00f1o se han empleado las \u00faltimas tendencias tanto en dise\u00f1o y maquetaci\u00f3n, como en programaci\u00f3n. Se incorpora HTML5 y CSS3 en maquetaci\u00f3n -con sus necesarios \u00abparches\u00bb para Explorer &#8211; y como lenguajes de programaci\u00f3n, javascript, php y Ajax. La nueva maquetaci\u00f3n es mobile-friendly, lo que permite que la misma se adapte como un guante a todo tipo de dispositivos m\u00f3viles, independientemente del tama\u00f1o de su pantalla, incluso en las de tipo retina. Hemos incorporado scripts de Ajax que mejoran las carga de contenidos empleando un sistema de transiciones que convierten las diferentes secciones en anclas. Si por alguna raz\u00f3n el navegador no es compatible con llamadas AJAX las nuevas p\u00e1ginas se cargan como enlaces normales cargando la vista de todo el nuevo contenido. Al dise\u00f1o de estilos CSS se ha a\u00f1adido la ampliaci\u00f3n LESS permitiendo el uso de variables, funciones, operaciones aritm\u00e9ticas&#8230; para acelerar y enriquecer los estilos. En sucesivos d\u00edas iremos a\u00f1adiendo alguna mejora y alguna secci\u00f3n nueva. Esperamos que os guste la nueva web.<\/p>\n","protected":false},"author":1,"featured_media":0,"comment_status":"closed","ping_status":"closed","sticky":false,"template":"","format":"standard","meta":{"_themeisle_gutenberg_block_has_review":false,"footnotes":""},"categories":[15],"tags":[196,177,175],"class_list":["post-1906","post","type-post","status-publish","format-standard","hentry","category-noticias","tag-diseno-web","tag-eventi","tag-identidad-corporativa"],"_links":{"self":[{"href":"https:\/\/www.eventi.es\/eventos\/wp-json\/wp\/v2\/posts\/1906","targetHints":{"allow":["GET"]}}],"collection":[{"href":"https:\/\/www.eventi.es\/eventos\/wp-json\/wp\/v2\/posts"}],"about":[{"href":"https:\/\/www.eventi.es\/eventos\/wp-json\/wp\/v2\/types\/post"}],"author":[{"embeddable":true,"href":"https:\/\/www.eventi.es\/eventos\/wp-json\/wp\/v2\/users\/1"}],"replies":[{"embeddable":true,"href":"https:\/\/www.eventi.es\/eventos\/wp-json\/wp\/v2\/comments?post=1906"}],"version-history":[{"count":1,"href":"https:\/\/www.eventi.es\/eventos\/wp-json\/wp\/v2\/posts\/1906\/revisions"}],"predecessor-version":[{"id":1922,"href":"https:\/\/www.eventi.es\/eventos\/wp-json\/wp\/v2\/posts\/1906\/revisions\/1922"}],"wp:attachment":[{"href":"https:\/\/www.eventi.es\/eventos\/wp-json\/wp\/v2\/media?parent=1906"}],"wp:term":[{"taxonomy":"category","embeddable":true,"href":"https:\/\/www.eventi.es\/eventos\/wp-json\/wp\/v2\/categories?post=1906"},{"taxonomy":"post_tag","embeddable":true,"href":"https:\/\/www.eventi.es\/eventos\/wp-json\/wp\/v2\/tags?post=1906"}],"curies":[{"name":"wp","href":"https:\/\/api.w.org\/{rel}","templated":true}]}}