{"id":1974,"date":"2014-04-30T13:28:31","date_gmt":"2014-04-30T13:28:31","guid":{"rendered":"http:\/\/www.eventi.es\/blog\/?p=196"},"modified":"2017-07-05T14:33:48","modified_gmt":"2017-07-05T14:33:48","slug":"visitas-guiadas-al-monasterio-del-couto","status":"publish","type":"post","link":"https:\/\/www.eventi.es\/eventos\/visitas-guiadas-al-monasterio-del-couto\/","title":{"rendered":"Visitas guiadas al Monasterio del Couto"},"content":{"rendered":"<div class=\"nodeChildBox \">\n<div class=\"nodeBox \"><span class=\"nodeText editable\"><span class=\"  \"><a href=\"http:\/\/www.eventi.es\/blog\/wp-content\/uploads\/2014\/10\/F13A4032.jpg\"><img loading=\"lazy\" decoding=\"async\" class=\"alignleft size-medium wp-image-197\" src=\"http:\/\/www.eventi.es\/blog\/wp-content\/uploads\/2014\/10\/F13A4032-300x200.jpg\" alt=\"azafata gu\u00eda monasterio de Couto\" width=\"300\" height=\"200\" \/><\/a>Con motivo de la Semana Santa, la concejal\u00eda de turismo de Nar\u00f3n acept\u00f3 nuestra propuesta de abrir al p\u00fablico el Monasterio del Couto, como elemento tur\u00edstico m\u00e1s representativo de la ciudad, para propiciar las visitas al mismo y fomentar as\u00ed su conocimiento y la promoci\u00f3n tur\u00edstica de Nar\u00f3n. <\/span><\/span><\/div>\n<div class=\"nodeBox \"><span class=\"nodeText editable \"><span class=\"  \">Las visitas fueron totalmente gratuitas y una de nuestras azafatas, titulada en turismo, se encarg\u00f3 de guiarlas. <\/span><\/span><\/div>\n<div class=\"nodeBox emptyNodeBox  \">\n<div class=\"nodeLabel \"><span class=\"nodeLabelBox repTarget \">\u00a0<\/span><\/div>\n<\/div>\n<div class=\"nodeBox \"><span class=\"nodeText editable \"><span class=\"  \">En s\u00f3lo 1 semana, m\u00e1s de 700 personas visitaron el Monasterio, resultando la propuesta un \u00e9xito absoluto. <\/span><\/span><\/div>\n<\/div>\n<div class=\"nodeCloseLabel \"><span class=\"nodeCloseLabelBox repTarget \">\u00a0<\/span><\/div>\n","protected":false},"excerpt":{"rendered":"<p>Con motivo de la Semana Santa, la concejal\u00eda de turismo de Nar\u00f3n acept\u00f3 nuestra propuesta de abrir al p\u00fablico el Monasterio del Couto, como elemento tur\u00edstico m\u00e1s representativo de la ciudad, para propiciar las visitas al mismo y fomentar as\u00ed su conocimiento y la promoci\u00f3n tur\u00edstica de Nar\u00f3n. Las visitas fueron totalmente gratuitas y una de nuestras azafatas, titulada en turismo, se encarg\u00f3 de guiarlas. \u00a0 En s\u00f3lo 1 semana, m\u00e1s de 700 personas visitaron el Monasterio, resultando la propuesta un \u00e9xito absoluto. \u00a0<\/p>\n","protected":false},"author":1,"featured_media":0,"comment_status":"closed","ping_status":"closed","sticky":false,"template":"","format":"standard","meta":{"_themeisle_gutenberg_block_has_review":false,"footnotes":""},"categories":[130],"tags":[177,20,212,213,27,214],"class_list":["post-1974","post","type-post","status-publish","format-standard","hentry","category-turismo","tag-eventi","tag-eventos","tag-monasterio-del-couto","tag-naron","tag-turismo","tag-visitas-guiadas"],"_links":{"self":[{"href":"https:\/\/www.eventi.es\/eventos\/wp-json\/wp\/v2\/posts\/1974","targetHints":{"allow":["GET"]}}],"collection":[{"href":"https:\/\/www.eventi.es\/eventos\/wp-json\/wp\/v2\/posts"}],"about":[{"href":"https:\/\/www.eventi.es\/eventos\/wp-json\/wp\/v2\/types\/post"}],"author":[{"embeddable":true,"href":"https:\/\/www.eventi.es\/eventos\/wp-json\/wp\/v2\/users\/1"}],"replies":[{"embeddable":true,"href":"https:\/\/www.eventi.es\/eventos\/wp-json\/wp\/v2\/comments?post=1974"}],"version-history":[{"count":1,"href":"https:\/\/www.eventi.es\/eventos\/wp-json\/wp\/v2\/posts\/1974\/revisions"}],"predecessor-version":[{"id":2002,"href":"https:\/\/www.eventi.es\/eventos\/wp-json\/wp\/v2\/posts\/1974\/revisions\/2002"}],"wp:attachment":[{"href":"https:\/\/www.eventi.es\/eventos\/wp-json\/wp\/v2\/media?parent=1974"}],"wp:term":[{"taxonomy":"category","embeddable":true,"href":"https:\/\/www.eventi.es\/eventos\/wp-json\/wp\/v2\/categories?post=1974"},{"taxonomy":"post_tag","embeddable":true,"href":"https:\/\/www.eventi.es\/eventos\/wp-json\/wp\/v2\/tags?post=1974"}],"curies":[{"name":"wp","href":"https:\/\/api.w.org\/{rel}","templated":true}]}}