{"id":1988,"date":"2014-08-23T16:06:52","date_gmt":"2014-08-23T14:06:52","guid":{"rendered":"http:\/\/www.eventi.es\/blog\/?p=210"},"modified":"2017-07-05T17:31:33","modified_gmt":"2017-07-05T17:31:33","slug":"colaboracion-con-el-rallye-de-ferrol","status":"publish","type":"post","link":"https:\/\/www.eventi.es\/eventos\/colaboracion-con-el-rallye-de-ferrol\/","title":{"rendered":"Colaboraci\u00f3n con el Rallye de Ferrol"},"content":{"rendered":"<div class=\"nodeChildBox \">\n<div class=\"nodeBox \"><span class=\"nodeText editable \"><span class=\" \">Eventi colabor\u00f3 con la organizaci\u00f3n del 45 Rallye de Ferrol en diferentes facetas. <\/span><\/span><\/div>\n<div class=\"nodeBox emptyNodeBox \">\n<div class=\"nodeLabel \"><span class=\"nodeLabelBox repTarget \">\u00a0<\/span><\/div>\n<\/div>\n<div class=\"nodeBox \"><span class=\"nodeText editable \"><span class=\" \">Nos encargamos del montaje de las diferentes \u00e1reas t\u00e9cnicas y de direcci\u00f3n de carrera, carpa VIP y animaci\u00f3n de la entrega de premios, entre otras tareas. <\/span><\/span><\/div>\n<div class=\"nodeBox emptyNodeBox \">\n<div class=\"nodeLabel \"><span class=\"nodeLabelBox repTarget \">\u00a0<\/span><\/div>\n<\/div>\n<div class=\"nodeBox \"><span class=\"nodeText editable \"><span class=\" \">Agradecemos la confianza depositada por la Escuder\u00eda Automovil\u00edstica Ferrol. <\/span><\/span><\/div>\n<div class=\"nodeBox \"><\/div>\n<\/div>\n","protected":false},"excerpt":{"rendered":"<p>Eventi colabor\u00f3 con la organizaci\u00f3n del 45 Rallye de Ferrol en diferentes facetas. \u00a0 Nos encargamos del montaje de las diferentes \u00e1reas t\u00e9cnicas y de direcci\u00f3n de carrera, carpa VIP y animaci\u00f3n de la entrega de premios, entre otras tareas. \u00a0 Agradecemos la confianza depositada por la Escuder\u00eda Automovil\u00edstica Ferrol.<\/p>\n","protected":false},"author":1,"featured_media":1998,"comment_status":"closed","ping_status":"closed","sticky":false,"template":"","format":"standard","meta":{"_themeisle_gutenberg_block_has_review":false,"footnotes":""},"categories":[131,18],"tags":[177,20,203],"class_list":["post-1988","post","type-post","status-publish","format-standard","has-post-thumbnail","hentry","category-deportes","category-eventos","tag-eventi","tag-eventos","tag-rallye-de-ferrol"],"_links":{"self":[{"href":"https:\/\/www.eventi.es\/eventos\/wp-json\/wp\/v2\/posts\/1988","targetHints":{"allow":["GET"]}}],"collection":[{"href":"https:\/\/www.eventi.es\/eventos\/wp-json\/wp\/v2\/posts"}],"about":[{"href":"https:\/\/www.eventi.es\/eventos\/wp-json\/wp\/v2\/types\/post"}],"author":[{"embeddable":true,"href":"https:\/\/www.eventi.es\/eventos\/wp-json\/wp\/v2\/users\/1"}],"replies":[{"embeddable":true,"href":"https:\/\/www.eventi.es\/eventos\/wp-json\/wp\/v2\/comments?post=1988"}],"version-history":[{"count":2,"href":"https:\/\/www.eventi.es\/eventos\/wp-json\/wp\/v2\/posts\/1988\/revisions"}],"predecessor-version":[{"id":2326,"href":"https:\/\/www.eventi.es\/eventos\/wp-json\/wp\/v2\/posts\/1988\/revisions\/2326"}],"wp:featuredmedia":[{"embeddable":true,"href":"https:\/\/www.eventi.es\/eventos\/wp-json\/wp\/v2\/media\/1998"}],"wp:attachment":[{"href":"https:\/\/www.eventi.es\/eventos\/wp-json\/wp\/v2\/media?parent=1988"}],"wp:term":[{"taxonomy":"category","embeddable":true,"href":"https:\/\/www.eventi.es\/eventos\/wp-json\/wp\/v2\/categories?post=1988"},{"taxonomy":"post_tag","embeddable":true,"href":"https:\/\/www.eventi.es\/eventos\/wp-json\/wp\/v2\/tags?post=1988"}],"curies":[{"name":"wp","href":"https:\/\/api.w.org\/{rel}","templated":true}]}}