{"id":1990,"date":"2014-08-30T20:01:56","date_gmt":"2014-08-30T18:01:56","guid":{"rendered":"http:\/\/www.eventi.es\/blog\/?p=227"},"modified":"2017-07-05T14:27:19","modified_gmt":"2017-07-05T14:27:19","slug":"cena-a-bordo-de-la-lancha-turistica-para-opel-motorsport","status":"publish","type":"post","link":"https:\/\/www.eventi.es\/eventos\/cena-a-bordo-de-la-lancha-turistica-para-opel-motorsport\/","title":{"rendered":"Cena a bordo de la lancha tur\u00edstica para Opel MotorSport"},"content":{"rendered":"<p><span class=\"nodeText editable\"><span class=\"  \"><a href=\"http:\/\/www.eventi.es\/blog\/wp-content\/uploads\/2014\/10\/lancha-Opel.jpg\"><img loading=\"lazy\" decoding=\"async\" class=\"alignleft size-medium wp-image-228\" src=\"http:\/\/www.eventi.es\/blog\/wp-content\/uploads\/2014\/10\/lancha-Opel-300x225.jpg\" alt=\"lancha Opel MotorSport\" width=\"300\" height=\"225\" \/><\/a>Con motivo de la finalizaci\u00f3n del Rallye de Ferrol, organizamos una salida especial en la lancha tur\u00edstica de Ferrol para el equipo Opel Motorspaort. La salida consisti\u00f3 en una excursi\u00f3n nocturna por la r\u00eda de Ferrol, con cena a bordo y sesi\u00f3n dj, para lo cual se engalan\u00f3 la embarcaci\u00f3n con elementos y colores corporativos de la marca. <\/span><\/span><\/p>\n","protected":false},"excerpt":{"rendered":"<p>Con motivo de la finalizaci\u00f3n del Rallye de Ferrol, organizamos una salida especial en la lancha tur\u00edstica de Ferrol para el equipo Opel Motorspaort. La salida consisti\u00f3 en una excursi\u00f3n nocturna por la r\u00eda de Ferrol, con cena a bordo y sesi\u00f3n dj, para lo cual se engalan\u00f3 la embarcaci\u00f3n con elementos y colores corporativos de la marca.<\/p>\n","protected":false},"author":1,"featured_media":1996,"comment_status":"closed","ping_status":"closed","sticky":false,"template":"","format":"standard","meta":{"_themeisle_gutenberg_block_has_review":false,"footnotes":""},"categories":[18,193],"tags":[177,20,201,200,203,202],"class_list":["post-1990","post","type-post","status-publish","format-standard","has-post-thumbnail","hentry","category-eventos","category-marketing","tag-eventi","tag-eventos","tag-lancha-turistica","tag-opel","tag-rallye-de-ferrol","tag-ria-de-ferrol"],"_links":{"self":[{"href":"https:\/\/www.eventi.es\/eventos\/wp-json\/wp\/v2\/posts\/1990","targetHints":{"allow":["GET"]}}],"collection":[{"href":"https:\/\/www.eventi.es\/eventos\/wp-json\/wp\/v2\/posts"}],"about":[{"href":"https:\/\/www.eventi.es\/eventos\/wp-json\/wp\/v2\/types\/post"}],"author":[{"embeddable":true,"href":"https:\/\/www.eventi.es\/eventos\/wp-json\/wp\/v2\/users\/1"}],"replies":[{"embeddable":true,"href":"https:\/\/www.eventi.es\/eventos\/wp-json\/wp\/v2\/comments?post=1990"}],"version-history":[{"count":1,"href":"https:\/\/www.eventi.es\/eventos\/wp-json\/wp\/v2\/posts\/1990\/revisions"}],"predecessor-version":[{"id":1997,"href":"https:\/\/www.eventi.es\/eventos\/wp-json\/wp\/v2\/posts\/1990\/revisions\/1997"}],"wp:featuredmedia":[{"embeddable":true,"href":"https:\/\/www.eventi.es\/eventos\/wp-json\/wp\/v2\/media\/1996"}],"wp:attachment":[{"href":"https:\/\/www.eventi.es\/eventos\/wp-json\/wp\/v2\/media?parent=1990"}],"wp:term":[{"taxonomy":"category","embeddable":true,"href":"https:\/\/www.eventi.es\/eventos\/wp-json\/wp\/v2\/categories?post=1990"},{"taxonomy":"post_tag","embeddable":true,"href":"https:\/\/www.eventi.es\/eventos\/wp-json\/wp\/v2\/tags?post=1990"}],"curies":[{"name":"wp","href":"https:\/\/api.w.org\/{rel}","templated":true}]}}