{"id":2019,"date":"2014-12-04T19:57:07","date_gmt":"2014-12-04T19:57:07","guid":{"rendered":"http:\/\/www.eventi.es\/blog\/?p=242"},"modified":"2017-07-05T14:38:46","modified_gmt":"2017-07-05T14:38:46","slug":"campana-de-promocion-del-pequeno-comercio-local","status":"publish","type":"post","link":"https:\/\/www.eventi.es\/eventos\/campana-de-promocion-del-pequeno-comercio-local\/","title":{"rendered":"Campa\u00f1a de promoci\u00f3n del peque\u00f1o comercio local"},"content":{"rendered":"<p>Un a\u00f1o m\u00e1s, la Concejal\u00eda de Promoci\u00f3n Econ\u00f3mica del Ayuntamiento de Nar\u00f3n nos ha encargado la organizaci\u00f3n y coordinaci\u00f3n de una campa\u00f1a para promocionar el peque\u00f1o comercio local de cara a la \u00e9poca navide\u00f1a.<\/p>\n<p>Al igual que en ediciones anteriores, se trata de poner en valor el comercio de proximidad, el de barrio, incentivando las ventas por medio de acciones publicitarias y con el reclamo de regalos atractivos.<\/p>\n<p>De la mano de la Asociaci\u00f3n de Comerciantes de Nar\u00f3n, se establecieron nuevas estrategias y algunas novedades organizativas.<\/p>\n<p>Eventi asume las tareas de dise\u00f1o gr\u00e1fico, planificaci\u00f3n, organizaci\u00f3n, coordinaci\u00f3n, log\u00edstica y personal, destinando a un equipo de azafatas y promotoras a este evento.<\/p>\n<p>Para reforzar la difusi\u00f3n de la campa\u00f1a, se han planificado acciones de marketing de guerrilla en diversos puntos de la ciudad.<\/p>\n<p>Este a\u00f1o, el n\u00famero de premios asciende a un total de 25, que quedan distribuidos del siguiente modo: <strong>1 carro de la compra diario, 1 cesta de Navidad a la semana, y 4 vales de compra finales por un valor total de 1600 euros<\/strong>. Para optar a estos premios, simplemente se requiere hacer compras en los comercios adheridos a la campa\u00f1a, que figuran identificados con el cartel promocional.El listado de estos comercios, as\u00ed como toda la informaci\u00f3n de la campa\u00f1a, puede consultarse en la web <a title=\"ir a la web\" href=\"http:\/\/www.comerciodenaron.es\" target=\"_blank\">www.comerciodenaron.es<\/a>.<\/p>\n<p>&nbsp;<\/p>\n<p>M\u00e1s info en:\u00a0 <a title=\"ir a la web\" href=\"http:\/\/www.comerciodenaron.es\" target=\"_blank\">www.comerciodenaron.es<\/a>.<\/p>\n","protected":false},"excerpt":{"rendered":"<p>Un a\u00f1o m\u00e1s, la Concejal\u00eda de Promoci\u00f3n Econ\u00f3mica del Ayuntamiento de Nar\u00f3n nos ha encargado la organizaci\u00f3n y coordinaci\u00f3n de una campa\u00f1a para promocionar el peque\u00f1o comercio local de cara a la \u00e9poca navide\u00f1a. Al igual que en ediciones anteriores, se trata de poner en valor el comercio de proximidad, el de barrio, incentivando las ventas por medio de acciones publicitarias y con el reclamo de regalos atractivos. De la mano de la Asociaci\u00f3n de Comerciantes de Nar\u00f3n, se establecieron nuevas estrategias y algunas novedades organizativas. Eventi asume las tareas de dise\u00f1o gr\u00e1fico, planificaci\u00f3n, organizaci\u00f3n, coordinaci\u00f3n, log\u00edstica y personal, destinando a un equipo de azafatas y promotoras a este evento. Para reforzar la difusi\u00f3n de la campa\u00f1a, se han planificado acciones de marketing de guerrilla en diversos puntos de la ciudad. Este a\u00f1o, el n\u00famero de premios asciende a un total de 25, que quedan distribuidos del siguiente modo: 1 carro de la compra diario, 1 cesta de Navidad a la semana, y 4 vales de compra finales por un valor total de 1600 euros. Para optar a estos premios, simplemente se requiere hacer compras en los comercios adheridos a la campa\u00f1a, que figuran identificados con el cartel promocional.El listado de estos comercios, as\u00ed como toda la informaci\u00f3n de la campa\u00f1a, puede consultarse en la web www.comerciodenaron.es. &nbsp; M\u00e1s info en:\u00a0 www.comerciodenaron.es.<\/p>\n","protected":false},"author":1,"featured_media":0,"comment_status":"closed","ping_status":"closed","sticky":false,"template":"","format":"standard","meta":{"_themeisle_gutenberg_block_has_review":false,"footnotes":""},"categories":[193],"tags":[226,20,167,213,169,195],"class_list":["post-2019","post","type-post","status-publish","format-standard","hentry","category-marketing","tag-campana-del-comercio","tag-eventos","tag-marketing","tag-naron","tag-pequeno-comercio","tag-street-marketing"],"_links":{"self":[{"href":"https:\/\/www.eventi.es\/eventos\/wp-json\/wp\/v2\/posts\/2019","targetHints":{"allow":["GET"]}}],"collection":[{"href":"https:\/\/www.eventi.es\/eventos\/wp-json\/wp\/v2\/posts"}],"about":[{"href":"https:\/\/www.eventi.es\/eventos\/wp-json\/wp\/v2\/types\/post"}],"author":[{"embeddable":true,"href":"https:\/\/www.eventi.es\/eventos\/wp-json\/wp\/v2\/users\/1"}],"replies":[{"embeddable":true,"href":"https:\/\/www.eventi.es\/eventos\/wp-json\/wp\/v2\/comments?post=2019"}],"version-history":[{"count":1,"href":"https:\/\/www.eventi.es\/eventos\/wp-json\/wp\/v2\/posts\/2019\/revisions"}],"predecessor-version":[{"id":2030,"href":"https:\/\/www.eventi.es\/eventos\/wp-json\/wp\/v2\/posts\/2019\/revisions\/2030"}],"wp:attachment":[{"href":"https:\/\/www.eventi.es\/eventos\/wp-json\/wp\/v2\/media?parent=2019"}],"wp:term":[{"taxonomy":"category","embeddable":true,"href":"https:\/\/www.eventi.es\/eventos\/wp-json\/wp\/v2\/categories?post=2019"},{"taxonomy":"post_tag","embeddable":true,"href":"https:\/\/www.eventi.es\/eventos\/wp-json\/wp\/v2\/tags?post=2019"}],"curies":[{"name":"wp","href":"https:\/\/api.w.org\/{rel}","templated":true}]}}