{"id":2022,"date":"2014-12-07T15:10:48","date_gmt":"2014-12-07T15:10:48","guid":{"rendered":"http:\/\/www.eventi.es\/blog\/?p=245"},"modified":"2017-07-05T14:38:01","modified_gmt":"2017-07-05T14:38:01","slug":"galeco-muestra-de-energias-renovables-un-reto-y-una-oportunidad","status":"publish","type":"post","link":"https:\/\/www.eventi.es\/eventos\/galeco-muestra-de-energias-renovables-un-reto-y-una-oportunidad\/","title":{"rendered":"GalEco, muestra de energ\u00edas renovables: un reto y una oportunidad"},"content":{"rendered":"<p>Cuando nos propusieron organizar la tercera edici\u00f3n de la muestra de energ\u00edas renovables GalEco, lo primero que pensamos fue \u00abes imposible\u00bb. Tendr\u00edamos menos de 15 d\u00edas para organizar un evento que deb\u00eda mejorar las 2 ediciones anteriores. Adem\u00e1s, hab\u00eda que celebrar esa muestra a mediados de diciembre, cuando las empresas est\u00e1n menos dispuestas para ferias y desplazamientos.<\/p>\n<p>Pero lo que nos parec\u00eda imposible, finalmente \u00a0decidimos asumirlo y afrontarlo. \u00bfLa raz\u00f3n?, el potencial futuro del evento, y la buena disponibilidad del Sr. Alcalde de Cedeira de organizar en el futuro inmediato una importante feria de renovables, con una log\u00edstica adecuada, una buena programaci\u00f3n, un importante deseo de continuidad y casi lo m\u00e1s importante&#8230; el margen de tiempo suficiente.<\/p>\n<p>As\u00ed que nos lanzamos. Asumimos la tarea el pasado lunes d\u00eda 1 de Diciembre, lo que nos deja un margen de 7 d\u00edas (descontamos fin de semana y el lunes 8 por festivo) para gestionar la parte comercial (listas e invitar a expositores) y 2 d\u00edas para la parte log\u00edstica. Es de locos; lo sabemos, pero vamos a intentarlo.<\/p>\n<p>\u00bfEl resultado?: lo veremos los d\u00edas 13 y 14 de Diciembre.<\/p>\n<p>Por cierto, si tienes una empresa relacionada con las energ\u00edas renovables, la biomasa, calderas o estufas ecol\u00f3gicas, etc. y quieres exponer gratuitamente en GalEco, av\u00edsanos antes del mi\u00e9rcoles d\u00eda 10 de Diciembre: galeco@eventi.es<\/p>\n<p>&nbsp;<\/p>\n","protected":false},"excerpt":{"rendered":"<p>Cuando nos propusieron organizar la tercera edici\u00f3n de la muestra de energ\u00edas renovables GalEco, lo primero que pensamos fue \u00abes imposible\u00bb. Tendr\u00edamos menos de 15 d\u00edas para organizar un evento que deb\u00eda mejorar las 2 ediciones anteriores. Adem\u00e1s, hab\u00eda que celebrar esa muestra a mediados de diciembre, cuando las empresas est\u00e1n menos dispuestas para ferias y desplazamientos. Pero lo que nos parec\u00eda imposible, finalmente \u00a0decidimos asumirlo y afrontarlo. \u00bfLa raz\u00f3n?, el potencial futuro del evento, y la buena disponibilidad del Sr. Alcalde de Cedeira de organizar en el futuro inmediato una importante feria de renovables, con una log\u00edstica adecuada, una buena programaci\u00f3n, un importante deseo de continuidad y casi lo m\u00e1s importante&#8230; el margen de tiempo suficiente. As\u00ed que nos lanzamos. Asumimos la tarea el pasado lunes d\u00eda 1 de Diciembre, lo que nos deja un margen de 7 d\u00edas (descontamos fin de semana y el lunes 8 por festivo) para gestionar la parte comercial (listas e invitar a expositores) y 2 d\u00edas para la parte log\u00edstica. Es de locos; lo sabemos, pero vamos a intentarlo. \u00bfEl resultado?: lo veremos los d\u00edas 13 y 14 de Diciembre. Por cierto, si tienes una empresa relacionada con las energ\u00edas renovables, la biomasa, calderas o estufas ecol\u00f3gicas, etc. y quieres exponer gratuitamente en GalEco, av\u00edsanos antes del mi\u00e9rcoles d\u00eda 10 de Diciembre: galeco@eventi.es &nbsp;<\/p>\n","protected":false},"author":1,"featured_media":0,"comment_status":"closed","ping_status":"closed","sticky":false,"template":"","format":"standard","meta":{"_themeisle_gutenberg_block_has_review":false,"footnotes":""},"categories":[136],"tags":[224,222,223,20,225],"class_list":["post-2022","post","type-post","status-publish","format-standard","hentry","category-ferias","tag-cedeira","tag-energias-alternativas","tag-energias-renovables","tag-eventos","tag-feria"],"_links":{"self":[{"href":"https:\/\/www.eventi.es\/eventos\/wp-json\/wp\/v2\/posts\/2022","targetHints":{"allow":["GET"]}}],"collection":[{"href":"https:\/\/www.eventi.es\/eventos\/wp-json\/wp\/v2\/posts"}],"about":[{"href":"https:\/\/www.eventi.es\/eventos\/wp-json\/wp\/v2\/types\/post"}],"author":[{"embeddable":true,"href":"https:\/\/www.eventi.es\/eventos\/wp-json\/wp\/v2\/users\/1"}],"replies":[{"embeddable":true,"href":"https:\/\/www.eventi.es\/eventos\/wp-json\/wp\/v2\/comments?post=2022"}],"version-history":[{"count":1,"href":"https:\/\/www.eventi.es\/eventos\/wp-json\/wp\/v2\/posts\/2022\/revisions"}],"predecessor-version":[{"id":2029,"href":"https:\/\/www.eventi.es\/eventos\/wp-json\/wp\/v2\/posts\/2022\/revisions\/2029"}],"wp:attachment":[{"href":"https:\/\/www.eventi.es\/eventos\/wp-json\/wp\/v2\/media?parent=2022"}],"wp:term":[{"taxonomy":"category","embeddable":true,"href":"https:\/\/www.eventi.es\/eventos\/wp-json\/wp\/v2\/categories?post=2022"},{"taxonomy":"post_tag","embeddable":true,"href":"https:\/\/www.eventi.es\/eventos\/wp-json\/wp\/v2\/tags?post=2022"}],"curies":[{"name":"wp","href":"https:\/\/api.w.org\/{rel}","templated":true}]}}