{"id":2036,"date":"2014-12-24T19:19:51","date_gmt":"2014-12-24T19:19:51","guid":{"rendered":"http:\/\/www.eventi.es\/blog\/?p=254"},"modified":"2017-07-05T14:43:09","modified_gmt":"2017-07-05T14:43:09","slug":"10-anos-con-el-mejor-equipo-aniversario-eventi-azafatas-y-eventos","status":"publish","type":"post","link":"https:\/\/www.eventi.es\/eventos\/10-anos-con-el-mejor-equipo-aniversario-eventi-azafatas-y-eventos\/","title":{"rendered":"10 a\u00f1os con el mejor equipo; aniversario Eventi azafatas y eventos."},"content":{"rendered":"<p>En toda empresa de \u00e9xito hay 3 pilares fundamentales que sustentan toda la estructura:<\/p>\n<ul>\n<li>El producto (o servicio que se preste)<\/li>\n<li>El equipo<\/li>\n<li>Las finanzas<\/li>\n<\/ul>\n<p>Si alguno de estos tres pilares vertebradores falla, los otros no pueden reemplazarlos y la estructura tarde o temprano colapsa.<\/p>\n<p>En el caso de Eventi, uno de esos pilares es el que sin duda nos ha permitido llegar hasta aqu\u00ed y soplar las 10 velas. Ese pilar es <strong>EL EQUIPO<\/strong>. Un equipo de personal del que nos sentimos orgullosos y al que estamos agradecidos de coraz\u00f3n.<\/p>\n<p>Tener un equipo como el que tuvo y tiene Eventi, no es nada f\u00e1cil: no s\u00f3lo importa el f\u00edsico sino que hay que tener un comportamiento correcto, saber trabajar con compa\u00f1eras, saber improvisar y anticiparse, tener capacidad de aprendizaje, tener don de gentes y tener una formaci\u00f3n avanzada. Y combinar todo esto, no es f\u00e1cil.<\/p>\n<p>En Eventi lo hemos conseguido: ser azafata Eventi ha sido y es sin\u00f3nimo de eficacia y formalidad. Ellas son las que han hecho marca, las que han tratado de forma excelente a los clientes, las que han atendido e informado con una sonrisa, las que han resuelto necesidades y las que han reforzado sus im\u00e1genes de marca. \u00a0Eventi es \u00abellas\u00bb.<\/p>\n<p>Por eso quiero hacer p\u00fablico mi agradecimiento personal, como gerente, a todas las que en un momento u otro han sido \u00abchicas Eventi\u00bb; un agradecimiento extensivo a las que hoy siguen formando parte de esta familia bien avenida.<\/p>\n<p><a href=\"http:\/\/www.eventi.es\/blog\/wp-content\/uploads\/2014\/12\/azafatas.jpg\"><img loading=\"lazy\" decoding=\"async\" class=\"alignleft size-medium wp-image-255\" src=\"http:\/\/www.eventi.es\/blog\/wp-content\/uploads\/2014\/12\/azafatas-300x300.jpg\" alt=\"azafatas de Eventi\" width=\"300\" height=\"300\" \/><\/a>Perdonad porque me voy a dejar a algunas sin nombrar ya que\u00a0es realmente dif\u00edcil recordar tantos nombres a esta edad, y porque no guardo fotograf\u00edas ni datos de todas, as\u00ed que ruego sep\u00e1is disculparme y considerar que el agradecimiento tambi\u00e9n es para vosotras.<\/p>\n<p>Desde aquel equipo inicial formado por Laura Varela (nuestra primera coordinadora), Irene, Graciela Bonome, Isabel&#8230; hasta\u00a0las recientes incorporaciones como\u00a0Leti, Xeila, Yaiza, las Cristinas, Sabela, \u00a0Luc\u00eda, Marta, In\u00e9s, Noelia, Silvia, Vero&#8230; pasando por Isa Casanova (<em>\u00abla Duracell\u00bb<\/em>), Elena L\u00f3pez, Cris Fraga, Cris Tojeiro, Cris Castro, Sabela Romero, Katy, Pili Ardao, Cati Barro,\u00a0\u00a0Carlota Traba, Eva Gonz\u00e1lez, In\u00e9s Ares, Iria Padilla, Luc\u00eda Villar, Mar\u00eda Cabana, Mar\u00eda Mur\u00faa, Rosal\u00eda, Noem\u00ed Casal, Noe (<em>\u00a1\u00a1lo que hemos vacilado!!<\/em> \ud83d\ude42 ), \u00a0Raquel Mart\u00ednez, Thamara (<em>\u00a1\u00a1qu\u00e9 gran profesional creamos!!<\/em>), Sara &#8230; Tengo la angustia de sentir que me dejo a muchas por nombrar, pero si quer\u00e9is ayudar a este anciano senil, pod\u00e9is record\u00e1rmelas (o recordaros) comentando el post.<\/p>\n<p>A todas vosotras: GRACIAS.<\/p>\n<p>Gracias por ser el motor de Eventi, gracias por hacer de Eventi una marca de eficacia, gracias por poner y encender cada una de las 10 velas que hoy soplamos; <strong>GRACIAS, CHICAS EVENTI.<\/strong><\/p>\n","protected":false},"excerpt":{"rendered":"<p>En toda empresa de \u00e9xito hay 3 pilares fundamentales que sustentan toda la estructura: El producto (o servicio que se preste) El equipo Las finanzas Si alguno de estos tres pilares vertebradores falla, los otros no pueden reemplazarlos y la estructura tarde o temprano colapsa. En el caso de Eventi, uno de esos pilares es el que sin duda nos ha permitido llegar hasta aqu\u00ed y soplar las 10 velas. Ese pilar es EL EQUIPO. Un equipo de personal del que nos sentimos orgullosos y al que estamos agradecidos de coraz\u00f3n. Tener un equipo como el que tuvo y tiene Eventi, no es nada f\u00e1cil: no s\u00f3lo importa el f\u00edsico sino que hay que tener un comportamiento correcto, saber trabajar con compa\u00f1eras, saber improvisar y anticiparse, tener capacidad de aprendizaje, tener don de gentes y tener una formaci\u00f3n avanzada. Y combinar todo esto, no es f\u00e1cil. En Eventi lo hemos conseguido: ser azafata Eventi ha sido y es sin\u00f3nimo de eficacia y formalidad. Ellas son las que han hecho marca, las que han tratado de forma excelente a los clientes, las que han atendido e informado con una sonrisa, las que han resuelto necesidades y las que han reforzado sus im\u00e1genes de marca. \u00a0Eventi es \u00abellas\u00bb. Por eso quiero hacer p\u00fablico mi agradecimiento personal, como gerente, a todas las que en un momento u otro han sido \u00abchicas Eventi\u00bb; un agradecimiento extensivo a las que hoy siguen formando parte de esta familia bien avenida. Perdonad porque me voy a dejar a algunas sin nombrar ya que\u00a0es realmente dif\u00edcil recordar tantos nombres a esta edad, y porque no guardo fotograf\u00edas ni datos de todas, as\u00ed que ruego sep\u00e1is disculparme y considerar que el agradecimiento tambi\u00e9n es para vosotras. Desde aquel equipo inicial formado por Laura Varela (nuestra primera coordinadora), Irene, Graciela Bonome, Isabel&#8230; hasta\u00a0las recientes incorporaciones como\u00a0Leti, Xeila, Yaiza, las Cristinas, Sabela, \u00a0Luc\u00eda, Marta, In\u00e9s, Noelia, Silvia, Vero&#8230; pasando por Isa Casanova (\u00abla Duracell\u00bb), Elena L\u00f3pez, Cris Fraga, Cris Tojeiro, Cris Castro, Sabela Romero, Katy, Pili Ardao, Cati Barro,\u00a0\u00a0Carlota Traba, Eva Gonz\u00e1lez, In\u00e9s Ares, Iria Padilla, Luc\u00eda Villar, Mar\u00eda Cabana, Mar\u00eda Mur\u00faa, Rosal\u00eda, Noem\u00ed Casal, Noe (\u00a1\u00a1lo que hemos vacilado!! \ud83d\ude42 ), \u00a0Raquel Mart\u00ednez, Thamara (\u00a1\u00a1qu\u00e9 gran profesional creamos!!), Sara &#8230; Tengo la angustia de sentir que me dejo a muchas por nombrar, pero si quer\u00e9is ayudar a este anciano senil, pod\u00e9is record\u00e1rmelas (o recordaros) comentando el post. A todas vosotras: GRACIAS. Gracias por ser el motor de Eventi, gracias por hacer de Eventi una marca de eficacia, gracias por poner y encender cada una de las 10 velas que hoy soplamos; GRACIAS, CHICAS EVENTI.<\/p>\n","protected":false},"author":1,"featured_media":0,"comment_status":"open","ping_status":"open","sticky":false,"template":"","format":"standard","meta":{"_themeisle_gutenberg_block_has_review":false,"footnotes":""},"categories":[15],"tags":[232,184],"class_list":["post-2036","post","type-post","status-publish","format-standard","hentry","category-noticias","tag-aniversario","tag-azafatas"],"_links":{"self":[{"href":"https:\/\/www.eventi.es\/eventos\/wp-json\/wp\/v2\/posts\/2036","targetHints":{"allow":["GET"]}}],"collection":[{"href":"https:\/\/www.eventi.es\/eventos\/wp-json\/wp\/v2\/posts"}],"about":[{"href":"https:\/\/www.eventi.es\/eventos\/wp-json\/wp\/v2\/types\/post"}],"author":[{"embeddable":true,"href":"https:\/\/www.eventi.es\/eventos\/wp-json\/wp\/v2\/users\/1"}],"replies":[{"embeddable":true,"href":"https:\/\/www.eventi.es\/eventos\/wp-json\/wp\/v2\/comments?post=2036"}],"version-history":[{"count":1,"href":"https:\/\/www.eventi.es\/eventos\/wp-json\/wp\/v2\/posts\/2036\/revisions"}],"predecessor-version":[{"id":2079,"href":"https:\/\/www.eventi.es\/eventos\/wp-json\/wp\/v2\/posts\/2036\/revisions\/2079"}],"wp:attachment":[{"href":"https:\/\/www.eventi.es\/eventos\/wp-json\/wp\/v2\/media?parent=2036"}],"wp:term":[{"taxonomy":"category","embeddable":true,"href":"https:\/\/www.eventi.es\/eventos\/wp-json\/wp\/v2\/categories?post=2036"},{"taxonomy":"post_tag","embeddable":true,"href":"https:\/\/www.eventi.es\/eventos\/wp-json\/wp\/v2\/tags?post=2036"}],"curies":[{"name":"wp","href":"https:\/\/api.w.org\/{rel}","templated":true}]}}