{"id":2101,"date":"2015-12-15T19:03:09","date_gmt":"2015-12-15T19:03:09","guid":{"rendered":"http:\/\/www.eventi.es\/blog\/?p=333"},"modified":"2017-07-05T14:46:29","modified_gmt":"2017-07-05T14:46:29","slug":"podium-zonademeta-es-en-la-media-maraton-memorial-adolfo-ros","status":"publish","type":"post","link":"https:\/\/www.eventi.es\/eventos\/podium-zonademeta-es-en-la-media-maraton-memorial-adolfo-ros\/","title":{"rendered":"Podium zonademeta.es en la media marat\u00f3n Memorial Adolfo Ros"},"content":{"rendered":"<p>El pasado d\u00eda 13 de Diciembre se celebr\u00f3 en la comarca de Ferrolterra la XXX Media Marat\u00f3n Volta \u00c1 R\u00eda, Memorial Adolfo Ros en la cual montamos el podium de nuestra marca <a href=\"http:\/\/www.zonademeta.es\" target=\"_blank\">zonademeta.es<\/a><!--more--><\/p>\n<div id=\"attachment_334\" style=\"width: 310px\" class=\"wp-caption alignleft\"><a href=\"http:\/\/www.eventi.es\/blog\/wp-content\/uploads\/2016\/02\/podium-evento-deportivo.jpg\" rel=\"attachment wp-att-334\"><img loading=\"lazy\" decoding=\"async\" aria-describedby=\"caption-attachment-334\" class=\"size-medium wp-image-334\" src=\"http:\/\/www.eventi.es\/blog\/wp-content\/uploads\/2016\/02\/podium-evento-deportivo-300x225.jpg\" alt=\"podium entrega de premios\" width=\"300\" height=\"225\" \/><\/a><p id=\"caption-attachment-334\" class=\"wp-caption-text\">podium de entrega de premios<\/p><\/div>\n<p>M\u00e1s de un millar de corredores de todas las edades se dieron cita en este evento con salida y meta en las proximidades del centro comercial Ode\u00f3n, en A G\u00e1ndara; una media marat\u00f3n que cada a\u00f1o viene a honrar la gesta heroica del ferrolano Aldolfo Ros.<\/p>\n<p>Para esta edici\u00f3n montamos nuestro podium de gran porte, sobre el que colocamos un p\u00f3rtico conmemorativo. La configuraci\u00f3n elegida para este montaje fue la del Podium Promocional, que inclu\u00eda la megafon\u00eda, los cajones de podium y las azafatas para entrega de premios.<\/p>\n<p>Las diferentes configuraciones de podium de zonademeta.es <strong>refuerzan la imagen<\/strong> del evento, <strong>ponen en valor las aportaciones de los patrocinadores<\/strong> por el fuerte impacto visual, y representan de forma destacada <strong>la guinda del pastel de todo evento deportivo<\/strong>. Suponen adem\u00e1s un <strong>importante ahorro econ\u00f3mico<\/strong> ya que incluyen en un mismo paquete, y pr\u00e1cticamente por el precio de una megafon\u00eda, el podium, los cajones, la megafon\u00eda y las azafatas.<\/p>\n<p>&nbsp;<\/p>\n","protected":false},"excerpt":{"rendered":"<p>El pasado d\u00eda 13 de Diciembre se celebr\u00f3 en la comarca de Ferrolterra la XXX Media Marat\u00f3n Volta \u00c1 R\u00eda, Memorial Adolfo Ros en la cual montamos el podium de nuestra marca zonademeta.es<\/p>\n","protected":false},"author":1,"featured_media":0,"comment_status":"open","ping_status":"open","sticky":false,"template":"","format":"standard","meta":{"_themeisle_gutenberg_block_has_review":false,"footnotes":""},"categories":[131],"tags":[220,235,237,236],"class_list":["post-2101","post","type-post","status-publish","format-standard","hentry","category-deportes","tag-alquiler-de-podium","tag-memorial-adolfo-ros","tag-podio","tag-podiums"],"_links":{"self":[{"href":"https:\/\/www.eventi.es\/eventos\/wp-json\/wp\/v2\/posts\/2101","targetHints":{"allow":["GET"]}}],"collection":[{"href":"https:\/\/www.eventi.es\/eventos\/wp-json\/wp\/v2\/posts"}],"about":[{"href":"https:\/\/www.eventi.es\/eventos\/wp-json\/wp\/v2\/types\/post"}],"author":[{"embeddable":true,"href":"https:\/\/www.eventi.es\/eventos\/wp-json\/wp\/v2\/users\/1"}],"replies":[{"embeddable":true,"href":"https:\/\/www.eventi.es\/eventos\/wp-json\/wp\/v2\/comments?post=2101"}],"version-history":[{"count":1,"href":"https:\/\/www.eventi.es\/eventos\/wp-json\/wp\/v2\/posts\/2101\/revisions"}],"predecessor-version":[{"id":2106,"href":"https:\/\/www.eventi.es\/eventos\/wp-json\/wp\/v2\/posts\/2101\/revisions\/2106"}],"wp:attachment":[{"href":"https:\/\/www.eventi.es\/eventos\/wp-json\/wp\/v2\/media?parent=2101"}],"wp:term":[{"taxonomy":"category","embeddable":true,"href":"https:\/\/www.eventi.es\/eventos\/wp-json\/wp\/v2\/categories?post=2101"},{"taxonomy":"post_tag","embeddable":true,"href":"https:\/\/www.eventi.es\/eventos\/wp-json\/wp\/v2\/tags?post=2101"}],"curies":[{"name":"wp","href":"https:\/\/api.w.org\/{rel}","templated":true}]}}