{"id":2134,"date":"2016-07-21T19:18:06","date_gmt":"2016-07-21T19:18:06","guid":{"rendered":"http:\/\/www.eventi.es\/blog\/?p=372"},"modified":"2017-07-05T15:02:45","modified_gmt":"2017-07-05T15:02:45","slug":"i-congreso-gallego-de-seguridad-y-educacion-vial","status":"publish","type":"post","link":"https:\/\/www.eventi.es\/eventos\/i-congreso-gallego-de-seguridad-y-educacion-vial\/","title":{"rendered":"I Congreso Gallego de Seguridad y Educaci\u00f3n Vial"},"content":{"rendered":"<p>A veces asumimos trabajos que por falta de tiempo, medios o presupuesto, la sensatez dictar\u00eda no asumir. Pero en la balanza, contra la sensatez generalmente suele pesar m\u00e1s el compromiso social.<br \/>\nNos gusta colaborar con aquellos que tienen iniciativas, ganas e ilusi\u00f3n por contribuir a mejorar la sociedad. Y m\u00e1s a\u00fan cuando lo hacen de forma totalmente altruista, sacrificando su tiempo de ocio, el tiempo con su familia e incluso a veces enfrent\u00e1ndose con \u00abfuerzas ocultas\u00bb.<\/p>\n<p>El <strong>I Congreso Gallego de Seguridad y Educaci\u00f3n Vial<\/strong> fue una iniciativa del equipo de Educaci\u00f3n Vial del ayuntamiento de Nar\u00f3n, formado por Pedro, Sonia, Anabel y Sim\u00f3n, que se celebr\u00f3 los d\u00edas 28 y 29 de Mayo de 2016. Suyas son muchas de las iniciativas que han convertido a Nar\u00f3n en un ayuntamiento ejemplar en materia de educaci\u00f3n vial, lo que les ha supuesto ser justos ganadores en dos ediciones de los premios \u00abPonle Freno\u00bb de Atresmedia.<br \/>\nCuando finalmente nos contrataron la secretar\u00eda del Congreso, apenas restaban 45 d\u00edas para la celebraci\u00f3n del mismo. Y en contra de lo que pens\u00e1bamos, a\u00fan restaba mucho -casi todo- por hacer. \u00bfDe locos?. Sin duda. Pero nos mola lo que hacen, nos mola c\u00f3mo lo hacen, y nos mola que sigan queriendo (mientras les dejen) hacer m\u00e1s. As\u00ed que ah\u00ed nos metimos.<\/p>\n<p>Asumimos la secretar\u00eda del Congreso, las azafatas, el sistema de acreditaciones y control de asistencias, el dise\u00f1o y montaje de la escenograf\u00eda, y los dise\u00f1os gr\u00e1ficos.<br \/>\n\u00bfY sab\u00e9is que?, que con un presupuesto de risa, un plazo de tiempo m\u00e1s corto que un suspiro, pero muchas ganas, mucho empe\u00f1o, y una mano de aqu\u00ed y otra de all\u00e1, conseguimos sacar adelante el Congreso de forma cuando menos aceptable.<br \/>\nPor supuesto, el trabajar con esas restricciones de presupuesto hicieron que tanto Pedro como Sonia hicieran de anfitriones, camareros, barrenderos&#8230; pero contra viento y marea, lo sacaron adelante.<\/p>\n<p>\u00bfY del Congreso qu\u00e9?. Pues a\u00fan est\u00e1 operativa a d\u00eda de hoy su web (por cierto, tambi\u00e9n la creamos y administramos nosotros), as\u00ed que pod\u00e9is ver qu\u00e9 ponentes nos honraron con su presencia, la tem\u00e1tica de sus ponencias, etc. Est\u00e1 en <a href=\"http:\/\/www.congresoeducacionvial.es\" target=\"_blank\">www.congresoeducacionvial.es<\/a>.<\/p>\n<p><a href=\"http:\/\/www.eventi.es\/blog\/wp-content\/uploads\/2016\/07\/13323586_10207989953338329_2551460199543913131_o.jpg\"><img loading=\"lazy\" decoding=\"async\" src=\"http:\/\/www.eventi.es\/blog\/wp-content\/uploads\/2016\/07\/13323586_10207989953338329_2551460199543913131_o-300x225.jpg\" alt=\"escenograf\u00eda del congreso gallego\" width=\"300\" height=\"225\" class=\"alignleft size-medium wp-image-374\" \/><\/a><\/p>\n<p><a href=\"http:\/\/www.eventi.es\/blog\/wp-content\/uploads\/2016\/07\/IMG_20160529_131803.jpg\"><img loading=\"lazy\" decoding=\"async\" src=\"http:\/\/www.eventi.es\/blog\/wp-content\/uploads\/2016\/07\/IMG_20160529_131803-300x169.jpg\" alt=\"azafatas Eventi en congreso gallego\" width=\"300\" height=\"169\" class=\"alignleft size-medium wp-image-376\" \/><\/a><\/p>\n<p><a href=\"http:\/\/www.eventi.es\/blog\/wp-content\/uploads\/2016\/07\/IMG_20160529_131147.jpg\"><img loading=\"lazy\" decoding=\"async\" src=\"http:\/\/www.eventi.es\/blog\/wp-content\/uploads\/2016\/07\/IMG_20160529_131147-300x169.jpg\" alt=\"clausura del congreso gallego\" width=\"300\" height=\"169\" class=\"alignleft size-medium wp-image-375\" \/><\/a><\/p>\n","protected":false},"excerpt":{"rendered":"<p>A veces asumimos trabajos que por falta de tiempo, medios o presupuesto, la sensatez dictar\u00eda no asumir. Pero en la balanza, contra la sensatez generalmente suele pesar m\u00e1s el compromiso social. Nos gusta colaborar con aquellos que tienen iniciativas, ganas e ilusi\u00f3n por contribuir a mejorar la sociedad. Y m\u00e1s a\u00fan cuando lo hacen de forma totalmente altruista, sacrificando su tiempo de ocio, el tiempo con su familia e incluso a veces enfrent\u00e1ndose con \u00abfuerzas ocultas\u00bb. El I Congreso Gallego de Seguridad y Educaci\u00f3n Vial fue una iniciativa del equipo de Educaci\u00f3n Vial del ayuntamiento de Nar\u00f3n, formado por Pedro, Sonia, Anabel y Sim\u00f3n, que se celebr\u00f3 los d\u00edas 28 y 29 de Mayo de 2016. Suyas son muchas de las iniciativas que han convertido a Nar\u00f3n en un ayuntamiento ejemplar en materia de educaci\u00f3n vial, lo que les ha supuesto ser justos ganadores en dos ediciones de los premios \u00abPonle Freno\u00bb de Atresmedia. Cuando finalmente nos contrataron la secretar\u00eda del Congreso, apenas restaban 45 d\u00edas para la celebraci\u00f3n del mismo. Y en contra de lo que pens\u00e1bamos, a\u00fan restaba mucho -casi todo- por hacer. \u00bfDe locos?. Sin duda. Pero nos mola lo que hacen, nos mola c\u00f3mo lo hacen, y nos mola que sigan queriendo (mientras les dejen) hacer m\u00e1s. As\u00ed que ah\u00ed nos metimos. Asumimos la secretar\u00eda del Congreso, las azafatas, el sistema de acreditaciones y control de asistencias, el dise\u00f1o y montaje de la escenograf\u00eda, y los dise\u00f1os gr\u00e1ficos. \u00bfY sab\u00e9is que?, que con un presupuesto de risa, un plazo de tiempo m\u00e1s corto que un suspiro, pero muchas ganas, mucho empe\u00f1o, y una mano de aqu\u00ed y otra de all\u00e1, conseguimos sacar adelante el Congreso de forma cuando menos aceptable. Por supuesto, el trabajar con esas restricciones de presupuesto hicieron que tanto Pedro como Sonia hicieran de anfitriones, camareros, barrenderos&#8230; pero contra viento y marea, lo sacaron adelante. \u00bfY del Congreso qu\u00e9?. Pues a\u00fan est\u00e1 operativa a d\u00eda de hoy su web (por cierto, tambi\u00e9n la creamos y administramos nosotros), as\u00ed que pod\u00e9is ver qu\u00e9 ponentes nos honraron con su presencia, la tem\u00e1tica de sus ponencias, etc. Est\u00e1 en www.congresoeducacionvial.es.<\/p>\n","protected":false},"author":1,"featured_media":0,"comment_status":"open","ping_status":"open","sticky":false,"template":"","format":"standard","meta":{"_themeisle_gutenberg_block_has_review":false,"footnotes":""},"categories":[129],"tags":[261,213,262],"class_list":["post-2134","post","type-post","status-publish","format-standard","hentry","category-congresos","tag-congreso-gallego","tag-naron","tag-seguridad-vial"],"_links":{"self":[{"href":"https:\/\/www.eventi.es\/eventos\/wp-json\/wp\/v2\/posts\/2134","targetHints":{"allow":["GET"]}}],"collection":[{"href":"https:\/\/www.eventi.es\/eventos\/wp-json\/wp\/v2\/posts"}],"about":[{"href":"https:\/\/www.eventi.es\/eventos\/wp-json\/wp\/v2\/types\/post"}],"author":[{"embeddable":true,"href":"https:\/\/www.eventi.es\/eventos\/wp-json\/wp\/v2\/users\/1"}],"replies":[{"embeddable":true,"href":"https:\/\/www.eventi.es\/eventos\/wp-json\/wp\/v2\/comments?post=2134"}],"version-history":[{"count":1,"href":"https:\/\/www.eventi.es\/eventos\/wp-json\/wp\/v2\/posts\/2134\/revisions"}],"predecessor-version":[{"id":2289,"href":"https:\/\/www.eventi.es\/eventos\/wp-json\/wp\/v2\/posts\/2134\/revisions\/2289"}],"wp:attachment":[{"href":"https:\/\/www.eventi.es\/eventos\/wp-json\/wp\/v2\/media?parent=2134"}],"wp:term":[{"taxonomy":"category","embeddable":true,"href":"https:\/\/www.eventi.es\/eventos\/wp-json\/wp\/v2\/categories?post=2134"},{"taxonomy":"post_tag","embeddable":true,"href":"https:\/\/www.eventi.es\/eventos\/wp-json\/wp\/v2\/tags?post=2134"}],"curies":[{"name":"wp","href":"https:\/\/api.w.org\/{rel}","templated":true}]}}