{"id":2178,"date":"2016-08-24T17:57:20","date_gmt":"2016-08-24T17:57:20","guid":{"rendered":"http:\/\/www.eventi.es\/blog\/?p=429"},"modified":"2017-07-05T17:17:44","modified_gmt":"2017-07-05T17:17:44","slug":"noite-no-mosteiro-monasterio-del-couto-naron","status":"publish","type":"post","link":"https:\/\/www.eventi.es\/eventos\/noite-no-mosteiro-monasterio-del-couto-naron\/","title":{"rendered":"Noite no Mosteiro, monasterio del Couto, Nar\u00f3n"},"content":{"rendered":"<p>Apenas unas semanas despu\u00e9s de llevar a cabo Noite no Mosteiro en el m\u00e1gico enclave del monasterio de Caaveiro, perteneciente al municipio de A Capela, lleg\u00f3 el momento de hacerlo en el monasterio del Couto, en Nar\u00f3n, por segundo a\u00f1o consecutivo.<br \/>\nEn esta ocasi\u00f3n se hizo coincidir con la Festa do Pemento para promocionar el pimiento del Couto, que comercializa la Cooperativa do Val. Nos situamos en el 16 de Julio de 2016.<br \/>\n<!--more--><\/p>\n<p>Para esta segunda edici\u00f3n de la Noite no Mosteiro de O Couto, realizamos unos cambios en la programaci\u00f3n de la iluminaci\u00f3n, y cambiamos tambi\u00e9n alguno de los gobos de proyecci\u00f3n. Corregimos tambi\u00e9n el peque\u00f1o fallo de la primera edici\u00f3n iluminando la pista asfaltada que comunica con la fachada posterior del monasterio, algo que no hab\u00edamos hecho la vez anterior. Como novedad, en esta edici\u00f3n los patios del monasterio contaron con m\u00fasica ambiental reproducida a trav\u00e9s de altavoces camuflados.<br \/>\nY hablando de m\u00fasica, nuestros amigos de Musgalia nuevamente deleitaron -y en casos tocaron la fibra- a un p\u00fablico que llen\u00f3 pr\u00e1cticamente el aforo de los cuatro pases con su excepcional repertorio.<\/p>\n<p>Tenemos ya nuevas e impactantes ideas para una tercera edici\u00f3n. \u00bfNos la contratar\u00e1n?. Esperemos que s\u00ed.<\/p>\n<p><strong>Y a vosotros, \u00bfos ha gustado?<\/strong><\/p>\n","protected":false},"excerpt":{"rendered":"<p>Apenas unas semanas despu\u00e9s de llevar a cabo Noite no Mosteiro en el m\u00e1gico enclave del monasterio de Caaveiro, perteneciente al municipio de A Capela, lleg\u00f3 el momento de hacerlo en el monasterio del Couto, en Nar\u00f3n, por segundo a\u00f1o consecutivo. En esta ocasi\u00f3n se hizo coincidir con la Festa do Pemento para promocionar el pimiento del Couto, que comercializa la Cooperativa do Val. Nos situamos en el 16 de Julio de 2016.<\/p>\n","protected":false},"author":1,"featured_media":0,"comment_status":"open","ping_status":"open","sticky":false,"template":"","format":"standard","meta":{"_themeisle_gutenberg_block_has_review":false,"footnotes":""},"categories":[18,130],"tags":[212,213,139],"class_list":["post-2178","post","type-post","status-publish","format-standard","hentry","category-eventos","category-turismo","tag-monasterio-del-couto","tag-naron","tag-noite-no-mosteiro"],"_links":{"self":[{"href":"https:\/\/www.eventi.es\/eventos\/wp-json\/wp\/v2\/posts\/2178","targetHints":{"allow":["GET"]}}],"collection":[{"href":"https:\/\/www.eventi.es\/eventos\/wp-json\/wp\/v2\/posts"}],"about":[{"href":"https:\/\/www.eventi.es\/eventos\/wp-json\/wp\/v2\/types\/post"}],"author":[{"embeddable":true,"href":"https:\/\/www.eventi.es\/eventos\/wp-json\/wp\/v2\/users\/1"}],"replies":[{"embeddable":true,"href":"https:\/\/www.eventi.es\/eventos\/wp-json\/wp\/v2\/comments?post=2178"}],"version-history":[{"count":2,"href":"https:\/\/www.eventi.es\/eventos\/wp-json\/wp\/v2\/posts\/2178\/revisions"}],"predecessor-version":[{"id":2321,"href":"https:\/\/www.eventi.es\/eventos\/wp-json\/wp\/v2\/posts\/2178\/revisions\/2321"}],"wp:attachment":[{"href":"https:\/\/www.eventi.es\/eventos\/wp-json\/wp\/v2\/media?parent=2178"}],"wp:term":[{"taxonomy":"category","embeddable":true,"href":"https:\/\/www.eventi.es\/eventos\/wp-json\/wp\/v2\/categories?post=2178"},{"taxonomy":"post_tag","embeddable":true,"href":"https:\/\/www.eventi.es\/eventos\/wp-json\/wp\/v2\/tags?post=2178"}],"curies":[{"name":"wp","href":"https:\/\/api.w.org\/{rel}","templated":true}]}}