{"id":2181,"date":"2016-08-23T12:29:14","date_gmt":"2016-08-23T12:29:14","guid":{"rendered":"http:\/\/www.eventi.es\/blog\/?p=421"},"modified":"2017-07-05T17:18:31","modified_gmt":"2017-07-05T17:18:31","slug":"curso-de-azafatas-eventi-2016-parte-i-primeros-auxilios","status":"publish","type":"post","link":"https:\/\/www.eventi.es\/eventos\/curso-de-azafatas-eventi-2016-parte-i-primeros-auxilios\/","title":{"rendered":"Curso de azafatas Eventi 2016. Parte I: primeros auxilios"},"content":{"rendered":"<p>En Eventi realizamos un curso de azafatas cada a\u00f1o para refrescar conocimientos de cursos anteriores y asimilar las nuevas t\u00e9cnicas y tendencias, y para formar al personal incorporado entre un curso y otro. Estos cursos son gratuitos para nuestro personal, porque apostamos por la profesionalizaci\u00f3n. Dentro de cada curso, adem\u00e1s de protocolo, ceremonial, eventos, imagen&#8230; impartimos un cap\u00edtulo espec\u00edfico de Primeros Auxilios.<br \/>\nSabemos que podr\u00edan contratarnos igual sin tener esta formaci\u00f3n. Por desgracia estamos viendo dia a d\u00eda c\u00f3mo se contrata a otras agencias o azafatas freelance con el \u00fanico criterio de que \u00abest\u00e9n buenas\u00bb o la contrataci\u00f3n sea barata. No nos importa; nosotros seguiremos dando formaci\u00f3n y tratando de ser cada vez m\u00e1s profesionales.<!--more--><\/p>\n<p>Recientemente hemos impartido el curso de primeros auxilios para aquellas azafatas que no ten\u00edan el curso o no lo ten\u00edan \u00abactualizado\u00bb. Para ello contamos con la colaboraci\u00f3n experta del doctor Juan Couce, un instructor cuya profesionalidad y experiencia en emergencias es incuestionable. Adem\u00e1s, compartimos con \u00e9l la importancia que tiene la divulgaci\u00f3n de los primeros auxilios en edades escolares y la concienciaci\u00f3n de la importancia que tiene la implantaci\u00f3n y conocimientos de uso del DESA (desfibrilador externo semi-autom\u00e1tico).<\/p>\n<p>En el curso, Juan explic\u00f3 el protocolo de actuaci\u00f3n en emergencias PAS, c\u00f3mo intervenir en accidentes que puedan suceder en los eventos, como atragantamientos, desmayos, mareos, ataques al coraz\u00f3n, etc. Prestamos especial atenci\u00f3n al protocolo de RCP y al manejo del DESA. Todos ellos son conocimientos que todo el mundo deber\u00eda tener, porque nunca se sabe cu\u00e1ndo pueden ser necesarios, incluso en el \u00e1mbito familiar.<\/p>\n<p>Desde Eventi, queremos agradecer en primer lugar la colaboraci\u00f3n y los conocimientos de Juan, su dedicaci\u00f3n, su capacidad did\u00e1ctica&#8230; alguien a quien admiramos no s\u00f3lo por su experiencia, sino por el compromiso que tiene con el fomento de los primeros auxilios, como demuestra en sus colaboraciones con Emerxencias Nar\u00f3n, Protecci\u00f3n Civil&#8230;<br \/>\nQueremos agradecer tambi\u00e9n el inter\u00e9s de nuestro personal, que pudiendo buscar una excusa para ir a la playa en una ma\u00f1ana soleada de s\u00e1bado, prefirieron recibir esta interesante formaci\u00f3n.<\/p>\n","protected":false},"excerpt":{"rendered":"<p>En Eventi realizamos un curso de azafatas cada a\u00f1o para refrescar conocimientos de cursos anteriores y asimilar las nuevas t\u00e9cnicas y tendencias, y para formar al personal incorporado entre un curso y otro. Estos cursos son gratuitos para nuestro personal, porque apostamos por la profesionalizaci\u00f3n. Dentro de cada curso, adem\u00e1s de protocolo, ceremonial, eventos, imagen&#8230; impartimos un cap\u00edtulo espec\u00edfico de Primeros Auxilios. Sabemos que podr\u00edan contratarnos igual sin tener esta formaci\u00f3n. Por desgracia estamos viendo dia a d\u00eda c\u00f3mo se contrata a otras agencias o azafatas freelance con el \u00fanico criterio de que \u00abest\u00e9n buenas\u00bb o la contrataci\u00f3n sea barata. No nos importa; nosotros seguiremos dando formaci\u00f3n y tratando de ser cada vez m\u00e1s profesionales.<\/p>\n","protected":false},"author":1,"featured_media":0,"comment_status":"open","ping_status":"open","sticky":false,"template":"","format":"standard","meta":{"_themeisle_gutenberg_block_has_review":false,"footnotes":""},"categories":[15],"tags":[184,253,255,254],"class_list":["post-2181","post","type-post","status-publish","format-standard","hentry","category-noticias","tag-azafatas","tag-curso-de-azafata","tag-formacion","tag-primeros-auxilios"],"_links":{"self":[{"href":"https:\/\/www.eventi.es\/eventos\/wp-json\/wp\/v2\/posts\/2181","targetHints":{"allow":["GET"]}}],"collection":[{"href":"https:\/\/www.eventi.es\/eventos\/wp-json\/wp\/v2\/posts"}],"about":[{"href":"https:\/\/www.eventi.es\/eventos\/wp-json\/wp\/v2\/types\/post"}],"author":[{"embeddable":true,"href":"https:\/\/www.eventi.es\/eventos\/wp-json\/wp\/v2\/users\/1"}],"replies":[{"embeddable":true,"href":"https:\/\/www.eventi.es\/eventos\/wp-json\/wp\/v2\/comments?post=2181"}],"version-history":[{"count":2,"href":"https:\/\/www.eventi.es\/eventos\/wp-json\/wp\/v2\/posts\/2181\/revisions"}],"predecessor-version":[{"id":2322,"href":"https:\/\/www.eventi.es\/eventos\/wp-json\/wp\/v2\/posts\/2181\/revisions\/2322"}],"wp:attachment":[{"href":"https:\/\/www.eventi.es\/eventos\/wp-json\/wp\/v2\/media?parent=2181"}],"wp:term":[{"taxonomy":"category","embeddable":true,"href":"https:\/\/www.eventi.es\/eventos\/wp-json\/wp\/v2\/categories?post=2181"},{"taxonomy":"post_tag","embeddable":true,"href":"https:\/\/www.eventi.es\/eventos\/wp-json\/wp\/v2\/tags?post=2181"}],"curies":[{"name":"wp","href":"https:\/\/api.w.org\/{rel}","templated":true}]}}