{"id":2203,"date":"2016-10-25T18:21:14","date_gmt":"2016-10-25T18:21:14","guid":{"rendered":"http:\/\/www.eventi.es\/blog\/?p=456"},"modified":"2017-07-05T17:16:55","modified_gmt":"2017-07-05T17:16:55","slug":"encontro-coa-historia-o-preambulo","status":"publish","type":"post","link":"https:\/\/www.eventi.es\/eventos\/encontro-coa-historia-o-preambulo\/","title":{"rendered":"Encontro coa historia &#8211; O Pre\u00e1mbulo"},"content":{"rendered":"<p>El \u00abEncontro coa Historia\u00bb fue un evento que organizamos conjuntamente para el ayuntamiento de A Capela y la Diputaci\u00f3n de A Coru\u00f1a con el prop\u00f3sito de dar a conocer la historia del monasterio de Caaveiro, joya arquitect\u00f3nica e hist\u00f3rica del municipio de A Capela, enclavado en un paraje impresionante, como es el de las Fragas del Eume.<br \/>\nEste evento -el primero de una secuencia propuesta- lo denominamos O Pre\u00e1mbulo, a modo de compendio de todas las secuencias. Para ello organizamos un peque\u00f1o mercado medieval tratando de imitar al que se establec\u00edan en las plazas de los pueblos, o dentro de las murallas de las fortalezas y castillos, en los que los peregrinos y dem\u00e1s ciudadanos pod\u00edan comprar esencias hechas con flores y plantas que tra\u00edan de diferentes comarcas, alimentos, \u00fatiles para la cocina&#8230;<br \/>\nPara entretenimiento y disfrute de los visitantes, se organizaron exhibiciones de esgrima esc\u00e9nica y talleres de esgrima antigua, adem\u00e1s de pasacalles de bufones y exhibiciones malabares que sorprendieron a vecinos y visitantes.<br \/>\nTambi\u00e9n nuestro particular prior del monasterio tuvo a bien ejercer de buen anfitri\u00f3n mostrando las dependencias de San Juan de Caaveiro y narrando su historia.<\/p>\n<p>Debido a la gran afluencia de p\u00fablico, se hizo necesario duplicar el servicio de autobuses, ya que para preservar el entorno y mantener un turismo sostenible, al cenobio s\u00f3lo se pod\u00eda llegar en los buses fletados por la Diputaci\u00f3n, o bien caminando o en bicicleta.<\/p>\n<p>Esperamos que quienes tuvieron la ocasi\u00f3n de estar presentes en este evento, pudieran disfrutarlo tanto como nosotros viendo sus caras de alegr\u00eda.<\/p>\n<p>Aqu\u00ed os dejamos algunas im\u00e1genes, y el v\u00eddeo del evento:<\/p>\n<p><iframe loading=\"lazy\" src=\"https:\/\/player.vimeo.com\/video\/184854771\" width=\"640\" height=\"360\" frameborder=\"0\" allowfullscreen=\"allowfullscreen\"><\/iframe><\/p>\n<p><a href=\"https:\/\/vimeo.com\/184854771\">I Encontro coa Historia &#8211; O Pre\u00e1mbulo. Monasterio de Caaveiro. A Capela<\/a> from <a href=\"https:\/\/vimeo.com\/canaleventi\">Eventi<\/a> on <a href=\"https:\/\/vimeo.com\">Vimeo<\/a>.<\/p>\n","protected":false},"excerpt":{"rendered":"<p>El \u00abEncontro coa Historia\u00bb fue un evento que organizamos conjuntamente para el ayuntamiento de A Capela y la Diputaci\u00f3n de A Coru\u00f1a con el prop\u00f3sito de dar a conocer la historia del monasterio de Caaveiro, joya arquitect\u00f3nica e hist\u00f3rica del municipio de A Capela, enclavado en un paraje impresionante, como es el de las Fragas del Eume. Este evento -el primero de una secuencia propuesta- lo denominamos O Pre\u00e1mbulo, a modo de compendio de todas las secuencias. Para ello organizamos un peque\u00f1o mercado medieval tratando de imitar al que se establec\u00edan en las plazas de los pueblos, o dentro de las murallas de las fortalezas y castillos, en los que los peregrinos y dem\u00e1s ciudadanos pod\u00edan comprar esencias hechas con flores y plantas que tra\u00edan de diferentes comarcas, alimentos, \u00fatiles para la cocina&#8230; Para entretenimiento y disfrute de los visitantes, se organizaron exhibiciones de esgrima esc\u00e9nica y talleres de esgrima antigua, adem\u00e1s de pasacalles de bufones y exhibiciones malabares que sorprendieron a vecinos y visitantes. Tambi\u00e9n nuestro particular prior del monasterio tuvo a bien ejercer de buen anfitri\u00f3n mostrando las dependencias de San Juan de Caaveiro y narrando su historia. Debido a la gran afluencia de p\u00fablico, se hizo necesario duplicar el servicio de autobuses, ya que para preservar el entorno y mantener un turismo sostenible, al cenobio s\u00f3lo se pod\u00eda llegar en los buses fletados por la Diputaci\u00f3n, o bien caminando o en bicicleta. Esperamos que quienes tuvieron la ocasi\u00f3n de estar presentes en este evento, pudieran disfrutarlo tanto como nosotros viendo sus caras de alegr\u00eda. Aqu\u00ed os dejamos algunas im\u00e1genes, y el v\u00eddeo del evento: I Encontro coa Historia &#8211; O Pre\u00e1mbulo. Monasterio de Caaveiro. A Capela from Eventi on Vimeo.<\/p>\n","protected":false},"author":1,"featured_media":0,"comment_status":"open","ping_status":"open","sticky":false,"template":"","format":"standard","meta":{"_themeisle_gutenberg_block_has_review":false,"footnotes":""},"categories":[18,130],"tags":[250,248,252,249,251],"class_list":["post-2203","post","type-post","status-publish","format-standard","hentry","category-eventos","category-turismo","tag-a-capela","tag-encontro-coa-historia","tag-fragas-do-eume","tag-monasterio-de-caaveiro","tag-monasterio-de-san-juan-de-caaveiro"],"_links":{"self":[{"href":"https:\/\/www.eventi.es\/eventos\/wp-json\/wp\/v2\/posts\/2203","targetHints":{"allow":["GET"]}}],"collection":[{"href":"https:\/\/www.eventi.es\/eventos\/wp-json\/wp\/v2\/posts"}],"about":[{"href":"https:\/\/www.eventi.es\/eventos\/wp-json\/wp\/v2\/types\/post"}],"author":[{"embeddable":true,"href":"https:\/\/www.eventi.es\/eventos\/wp-json\/wp\/v2\/users\/1"}],"replies":[{"embeddable":true,"href":"https:\/\/www.eventi.es\/eventos\/wp-json\/wp\/v2\/comments?post=2203"}],"version-history":[{"count":2,"href":"https:\/\/www.eventi.es\/eventos\/wp-json\/wp\/v2\/posts\/2203\/revisions"}],"predecessor-version":[{"id":2319,"href":"https:\/\/www.eventi.es\/eventos\/wp-json\/wp\/v2\/posts\/2203\/revisions\/2319"}],"wp:attachment":[{"href":"https:\/\/www.eventi.es\/eventos\/wp-json\/wp\/v2\/media?parent=2203"}],"wp:term":[{"taxonomy":"category","embeddable":true,"href":"https:\/\/www.eventi.es\/eventos\/wp-json\/wp\/v2\/categories?post=2203"},{"taxonomy":"post_tag","embeddable":true,"href":"https:\/\/www.eventi.es\/eventos\/wp-json\/wp\/v2\/tags?post=2203"}],"curies":[{"name":"wp","href":"https:\/\/api.w.org\/{rel}","templated":true}]}}