{"id":2328,"date":"2017-07-09T14:04:26","date_gmt":"2017-07-09T14:04:26","guid":{"rendered":"http:\/\/www.eventi.es\/blog\/?p=2328"},"modified":"2017-07-09T14:04:26","modified_gmt":"2017-07-09T14:04:26","slug":"noite-no-mosteiro-de-caaveiro-edicion-2017","status":"publish","type":"post","link":"https:\/\/www.eventi.es\/eventos\/noite-no-mosteiro-de-caaveiro-edicion-2017\/","title":{"rendered":"Noite no Mosteiro de Caaveiro, edici\u00f3n 2017"},"content":{"rendered":"<p>Queremos dedicar este post a todas las personas que se acercaron el pasado d\u00eda 24 de Junio hasta el monasterio de Caaveiro para disfrutar de una nueva edici\u00f3n de nuestra producci\u00f3n \u00abNoite No Mosteiro\u00bb.<\/p>\n<p>Aunque durante el d\u00eda la afluencia fue la prevista, debido al fant\u00e1stico d\u00eda de playa que hac\u00eda, al anochecer el flujo de gente fue mayor incluso que el a\u00f1o pasado. En total unas 2.000 personas compartieron con nosotros una noche especial, una noche m\u00e1gica. Los autobuses dispuestos por la Diputaci\u00f3n llegaban llenos, incluso los del refuerzo de la noche que se prolong\u00f3 hasta la madrugada (gracias Diputaci\u00f3n de A Coru\u00f1a), e incluso los dos fletados por el Ayuntamiento de A Capela cubrieron sus plazas unos d\u00edas antes.<\/p>\n<p>En esta ocasi\u00f3n el programa present\u00f3 varias novedades con respecto a la primera edici\u00f3n, quedando definido de este modo:<\/p>\n<ul>\n<li>Exposici\u00f3n de las fotograf\u00edas ganadoras y finalistas del <strong>I Concurso de Fotograf\u00eda Concello da Capela<\/strong>, celebrado en 2016. OJO porque ya est\u00e1 a punto de abrir la convocatoria de este a\u00f1o.<\/li>\n<li>Folclore tradicional gallego, a cargo de <strong>Airi\u00f1os da Capela<\/strong>, que animaron la tarde a los turistas.<\/li>\n<li>Concierto de c\u00e1mara a cargo del tr\u00edo <strong>Flutello<\/strong>, que nos sumieron a todos en un momento de relax.<\/li>\n<li>Concierto \u00abVuelta a \u00cdtaca\u00bb, en el que <strong>Adriano y su serrucho musical<\/strong>, con su maestr\u00eda y personalidad, nos encandil\u00f3 a todos, dej\u00e1ndonos boquiabiertos (no hay m\u00e1s que ver el v\u00eddeo, jeje)<\/li>\n<li>Iluminaci\u00f3n del monasterio<\/li>\n<li>Y el broche final puesto por las <strong>Hadas Eventi<\/strong>, representando la leyenda de las Hadas del Bosque, que dej\u00f3 a m\u00e1s de un ni\u00f1o -y de un adulto- ensimismado.<\/li>\n<\/ul>\n<p>Por nuestra parte, esperamos que el evento os haya gustado, que hay\u00e1is podido disfrutar de una noche muy especial, en un enclave inigualable, y que pod\u00e1is disculpar los errores que seguramente habremos cometido.<\/p>\n<p>Agradecemos especialmente la confianza depositada por el Ayuntamiento de A Capela y la Diputaci\u00f3n de A Coru\u00f1a.\u00a0 Siempre es un placer trabajar con ellos. Esperamos no haber defraudado.<\/p>\n<p>Aqu\u00ed os dejamos una peque\u00f1a galer\u00eda de im\u00e1genes y <a href=\"https:\/\/vimeo.com\/224364647\" target=\"_blank\" rel=\"noopener\">el v\u00eddeo del evento<\/a>.<\/p>\n<p>A TODOS, GRACIAS.<\/p>\n\n\t\t<style type=\"text\/css\">\n\t\t\t#gallery-1 {\n\t\t\t\tmargin: auto;\n\t\t\t}\n\t\t\t#gallery-1 .gallery-item {\n\t\t\t\tfloat: left;\n\t\t\t\tmargin-top: 10px;\n\t\t\t\ttext-align: center;\n\t\t\t\twidth: 33%;\n\t\t\t}\n\t\t\t#gallery-1 img {\n\t\t\t\tborder: 2px solid #cfcfcf;\n\t\t\t}\n\t\t\t#gallery-1 .gallery-caption {\n\t\t\t\tmargin-left: 0;\n\t\t\t}\n\t\t\t\/* see gallery_shortcode() in wp-includes\/media.php *\/\n\t\t<\/style>\n\t\t<div id='gallery-1' class='gallery galleryid-2328 gallery-columns-3 gallery-size-thumbnail'><dl class='gallery-item'>\n\t\t\t<dt class='gallery-icon landscape'>\n\t\t\t\t<a href='https:\/\/www.eventi.es\/eventos\/wp-content\/uploads\/2017\/07\/O0B2219.jpg'><img loading=\"lazy\" decoding=\"async\" width=\"150\" height=\"150\" src=\"data:image\/svg+xml,%3Csvg%20xmlns%3D%27http:\/\/www.w3.org\/2000\/svg%27%20viewBox%3D%270%200%203%202%27%3E%3C\/svg%3E\" class=\"attachment-thumbnail size-thumbnail gt-lazy-load\" alt=\"Hadas Eventi Noite no Mosteiro\" data-src=\"https:\/\/www.eventi.es\/eventos\/wp-content\/uploads\/2017\/07\/O0B2219-150x150.jpg\" data-srcset=\"https:\/\/www.eventi.es\/eventos\/wp-content\/uploads\/2017\/07\/O0B2219-150x150.jpg 150w, https:\/\/www.eventi.es\/eventos\/wp-content\/uploads\/2017\/07\/O0B2219-300x300.jpg 300w, https:\/\/www.eventi.es\/eventos\/wp-content\/uploads\/2017\/07\/O0B2219-100x100.jpg 100w, https:\/\/www.eventi.es\/eventos\/wp-content\/uploads\/2017\/07\/O0B2219-350x350.jpg 350w, https:\/\/www.eventi.es\/eventos\/wp-content\/uploads\/2017\/07\/O0B2219-650x650.jpg 650w, https:\/\/www.eventi.es\/eventos\/wp-content\/uploads\/2017\/07\/O0B2219-1200x1200.jpg 1200w, https:\/\/www.eventi.es\/eventos\/wp-content\/uploads\/2017\/07\/O0B2219-85x85.jpg 85w, https:\/\/www.eventi.es\/eventos\/wp-content\/uploads\/2017\/07\/O0B2219-40x40.jpg 40w\" data-sizes=\"(max-width: 150px) 100vw, 150px\" \/><\/a>\n\t\t\t<\/dt><\/dl><dl class='gallery-item'>\n\t\t\t<dt class='gallery-icon landscape'>\n\t\t\t\t<a href='https:\/\/www.eventi.es\/eventos\/wp-content\/uploads\/2017\/07\/O0B2108.jpg'><img loading=\"lazy\" decoding=\"async\" width=\"150\" height=\"150\" src=\"data:image\/svg+xml,%3Csvg%20xmlns%3D%27http:\/\/www.w3.org\/2000\/svg%27%20viewBox%3D%270%200%203%202%27%3E%3C\/svg%3E\" class=\"attachment-thumbnail size-thumbnail gt-lazy-load\" alt=\"P\u00fablico\" data-src=\"https:\/\/www.eventi.es\/eventos\/wp-content\/uploads\/2017\/07\/O0B2108-150x150.jpg\" data-srcset=\"https:\/\/www.eventi.es\/eventos\/wp-content\/uploads\/2017\/07\/O0B2108-150x150.jpg 150w, https:\/\/www.eventi.es\/eventos\/wp-content\/uploads\/2017\/07\/O0B2108-300x300.jpg 300w, https:\/\/www.eventi.es\/eventos\/wp-content\/uploads\/2017\/07\/O0B2108-100x100.jpg 100w, https:\/\/www.eventi.es\/eventos\/wp-content\/uploads\/2017\/07\/O0B2108-350x350.jpg 350w, https:\/\/www.eventi.es\/eventos\/wp-content\/uploads\/2017\/07\/O0B2108-650x650.jpg 650w, https:\/\/www.eventi.es\/eventos\/wp-content\/uploads\/2017\/07\/O0B2108-1200x1200.jpg 1200w, https:\/\/www.eventi.es\/eventos\/wp-content\/uploads\/2017\/07\/O0B2108-85x85.jpg 85w, https:\/\/www.eventi.es\/eventos\/wp-content\/uploads\/2017\/07\/O0B2108-40x40.jpg 40w\" data-sizes=\"(max-width: 150px) 100vw, 150px\" \/><\/a>\n\t\t\t<\/dt><\/dl><dl class='gallery-item'>\n\t\t\t<dt class='gallery-icon landscape'>\n\t\t\t\t<a href='https:\/\/www.eventi.es\/eventos\/wp-content\/uploads\/2017\/07\/O0B2089.jpg'><img loading=\"lazy\" decoding=\"async\" width=\"150\" height=\"150\" src=\"data:image\/svg+xml,%3Csvg%20xmlns%3D%27http:\/\/www.w3.org\/2000\/svg%27%20viewBox%3D%270%200%203%202%27%3E%3C\/svg%3E\" class=\"attachment-thumbnail size-thumbnail gt-lazy-load\" alt=\"exposici\u00f3n de fotograf\u00edas\" data-src=\"https:\/\/www.eventi.es\/eventos\/wp-content\/uploads\/2017\/07\/O0B2089-150x150.jpg\" data-srcset=\"https:\/\/www.eventi.es\/eventos\/wp-content\/uploads\/2017\/07\/O0B2089-150x150.jpg 150w, https:\/\/www.eventi.es\/eventos\/wp-content\/uploads\/2017\/07\/O0B2089-300x300.jpg 300w, https:\/\/www.eventi.es\/eventos\/wp-content\/uploads\/2017\/07\/O0B2089-100x100.jpg 100w, https:\/\/www.eventi.es\/eventos\/wp-content\/uploads\/2017\/07\/O0B2089-350x350.jpg 350w, https:\/\/www.eventi.es\/eventos\/wp-content\/uploads\/2017\/07\/O0B2089-650x650.jpg 650w, https:\/\/www.eventi.es\/eventos\/wp-content\/uploads\/2017\/07\/O0B2089-1200x1200.jpg 1200w, https:\/\/www.eventi.es\/eventos\/wp-content\/uploads\/2017\/07\/O0B2089-85x85.jpg 85w, https:\/\/www.eventi.es\/eventos\/wp-content\/uploads\/2017\/07\/O0B2089-40x40.jpg 40w\" data-sizes=\"(max-width: 150px) 100vw, 150px\" \/><\/a>\n\t\t\t<\/dt><\/dl><br style=\"clear: both\" \/><dl class='gallery-item'>\n\t\t\t<dt class='gallery-icon landscape'>\n\t\t\t\t<a href='https:\/\/www.eventi.es\/eventos\/wp-content\/uploads\/2017\/07\/O0B2093.jpg'><img loading=\"lazy\" decoding=\"async\" width=\"150\" height=\"150\" src=\"data:image\/svg+xml,%3Csvg%20xmlns%3D%27http:\/\/www.w3.org\/2000\/svg%27%20viewBox%3D%270%200%203%202%27%3E%3C\/svg%3E\" class=\"attachment-thumbnail size-thumbnail gt-lazy-load\" alt=\"exposici\u00f3n de fotograf\u00edas\" data-src=\"https:\/\/www.eventi.es\/eventos\/wp-content\/uploads\/2017\/07\/O0B2093-150x150.jpg\" data-srcset=\"https:\/\/www.eventi.es\/eventos\/wp-content\/uploads\/2017\/07\/O0B2093-150x150.jpg 150w, https:\/\/www.eventi.es\/eventos\/wp-content\/uploads\/2017\/07\/O0B2093-300x300.jpg 300w, https:\/\/www.eventi.es\/eventos\/wp-content\/uploads\/2017\/07\/O0B2093-100x100.jpg 100w, https:\/\/www.eventi.es\/eventos\/wp-content\/uploads\/2017\/07\/O0B2093-350x350.jpg 350w, https:\/\/www.eventi.es\/eventos\/wp-content\/uploads\/2017\/07\/O0B2093-650x650.jpg 650w, https:\/\/www.eventi.es\/eventos\/wp-content\/uploads\/2017\/07\/O0B2093-1200x1200.jpg 1200w, https:\/\/www.eventi.es\/eventos\/wp-content\/uploads\/2017\/07\/O0B2093-85x85.jpg 85w, https:\/\/www.eventi.es\/eventos\/wp-content\/uploads\/2017\/07\/O0B2093-40x40.jpg 40w\" data-sizes=\"(max-width: 150px) 100vw, 150px\" \/><\/a>\n\t\t\t<\/dt><\/dl><dl class='gallery-item'>\n\t\t\t<dt class='gallery-icon landscape'>\n\t\t\t\t<a href='https:\/\/www.eventi.es\/eventos\/wp-content\/uploads\/2017\/07\/O0B2132.jpg'><img loading=\"lazy\" decoding=\"async\" width=\"150\" height=\"150\" src=\"data:image\/svg+xml,%3Csvg%20xmlns%3D%27http:\/\/www.w3.org\/2000\/svg%27%20viewBox%3D%270%200%203%202%27%3E%3C\/svg%3E\" class=\"attachment-thumbnail size-thumbnail gt-lazy-load\" alt=\"Flutello\" data-src=\"https:\/\/www.eventi.es\/eventos\/wp-content\/uploads\/2017\/07\/O0B2132-150x150.jpg\" data-srcset=\"https:\/\/www.eventi.es\/eventos\/wp-content\/uploads\/2017\/07\/O0B2132-150x150.jpg 150w, https:\/\/www.eventi.es\/eventos\/wp-content\/uploads\/2017\/07\/O0B2132-300x300.jpg 300w, https:\/\/www.eventi.es\/eventos\/wp-content\/uploads\/2017\/07\/O0B2132-100x100.jpg 100w, https:\/\/www.eventi.es\/eventos\/wp-content\/uploads\/2017\/07\/O0B2132-350x350.jpg 350w, https:\/\/www.eventi.es\/eventos\/wp-content\/uploads\/2017\/07\/O0B2132-650x650.jpg 650w, https:\/\/www.eventi.es\/eventos\/wp-content\/uploads\/2017\/07\/O0B2132-1200x1200.jpg 1200w, https:\/\/www.eventi.es\/eventos\/wp-content\/uploads\/2017\/07\/O0B2132-85x85.jpg 85w, https:\/\/www.eventi.es\/eventos\/wp-content\/uploads\/2017\/07\/O0B2132-40x40.jpg 40w\" data-sizes=\"(max-width: 150px) 100vw, 150px\" \/><\/a>\n\t\t\t<\/dt><\/dl><dl class='gallery-item'>\n\t\t\t<dt class='gallery-icon landscape'>\n\t\t\t\t<a href='https:\/\/www.eventi.es\/eventos\/wp-content\/uploads\/2017\/07\/O0B2153.jpg'><img loading=\"lazy\" decoding=\"async\" width=\"150\" height=\"150\" src=\"data:image\/svg+xml,%3Csvg%20xmlns%3D%27http:\/\/www.w3.org\/2000\/svg%27%20viewBox%3D%270%200%203%202%27%3E%3C\/svg%3E\" class=\"attachment-thumbnail size-thumbnail gt-lazy-load\" alt=\"Flutello\" data-src=\"https:\/\/www.eventi.es\/eventos\/wp-content\/uploads\/2017\/07\/O0B2153-150x150.jpg\" data-srcset=\"https:\/\/www.eventi.es\/eventos\/wp-content\/uploads\/2017\/07\/O0B2153-150x150.jpg 150w, https:\/\/www.eventi.es\/eventos\/wp-content\/uploads\/2017\/07\/O0B2153-300x300.jpg 300w, https:\/\/www.eventi.es\/eventos\/wp-content\/uploads\/2017\/07\/O0B2153-100x100.jpg 100w, https:\/\/www.eventi.es\/eventos\/wp-content\/uploads\/2017\/07\/O0B2153-350x350.jpg 350w, https:\/\/www.eventi.es\/eventos\/wp-content\/uploads\/2017\/07\/O0B2153-650x650.jpg 650w, https:\/\/www.eventi.es\/eventos\/wp-content\/uploads\/2017\/07\/O0B2153-1200x1200.jpg 1200w, https:\/\/www.eventi.es\/eventos\/wp-content\/uploads\/2017\/07\/O0B2153-85x85.jpg 85w, https:\/\/www.eventi.es\/eventos\/wp-content\/uploads\/2017\/07\/O0B2153-40x40.jpg 40w\" data-sizes=\"(max-width: 150px) 100vw, 150px\" \/><\/a>\n\t\t\t<\/dt><\/dl><br style=\"clear: both\" \/><dl class='gallery-item'>\n\t\t\t<dt class='gallery-icon portrait'>\n\t\t\t\t<a href='https:\/\/www.eventi.es\/eventos\/wp-content\/uploads\/2017\/07\/O0B2258.jpg'><img loading=\"lazy\" decoding=\"async\" width=\"150\" height=\"150\" src=\"data:image\/svg+xml,%3Csvg%20xmlns%3D%27http:\/\/www.w3.org\/2000\/svg%27%20viewBox%3D%270%200%203%202%27%3E%3C\/svg%3E\" class=\"attachment-thumbnail size-thumbnail gt-lazy-load\" alt=\"Noite no Mosteiro\" data-src=\"https:\/\/www.eventi.es\/eventos\/wp-content\/uploads\/2017\/07\/O0B2258-150x150.jpg\" data-srcset=\"https:\/\/www.eventi.es\/eventos\/wp-content\/uploads\/2017\/07\/O0B2258-150x150.jpg 150w, https:\/\/www.eventi.es\/eventos\/wp-content\/uploads\/2017\/07\/O0B2258-300x300.jpg 300w, https:\/\/www.eventi.es\/eventos\/wp-content\/uploads\/2017\/07\/O0B2258-100x100.jpg 100w, https:\/\/www.eventi.es\/eventos\/wp-content\/uploads\/2017\/07\/O0B2258-350x350.jpg 350w, https:\/\/www.eventi.es\/eventos\/wp-content\/uploads\/2017\/07\/O0B2258-650x650.jpg 650w, https:\/\/www.eventi.es\/eventos\/wp-content\/uploads\/2017\/07\/O0B2258-85x85.jpg 85w, https:\/\/www.eventi.es\/eventos\/wp-content\/uploads\/2017\/07\/O0B2258-40x40.jpg 40w\" data-sizes=\"(max-width: 150px) 100vw, 150px\" \/><\/a>\n\t\t\t<\/dt><\/dl><dl class='gallery-item'>\n\t\t\t<dt class='gallery-icon landscape'>\n\t\t\t\t<a href='https:\/\/www.eventi.es\/eventos\/wp-content\/uploads\/2017\/07\/O0B2250.jpg'><img loading=\"lazy\" decoding=\"async\" width=\"150\" height=\"150\" src=\"data:image\/svg+xml,%3Csvg%20xmlns%3D%27http:\/\/www.w3.org\/2000\/svg%27%20viewBox%3D%270%200%203%202%27%3E%3C\/svg%3E\" class=\"attachment-thumbnail size-thumbnail gt-lazy-load\" alt=\"Noite no Mosteiro\" data-src=\"https:\/\/www.eventi.es\/eventos\/wp-content\/uploads\/2017\/07\/O0B2250-150x150.jpg\" data-srcset=\"https:\/\/www.eventi.es\/eventos\/wp-content\/uploads\/2017\/07\/O0B2250-150x150.jpg 150w, https:\/\/www.eventi.es\/eventos\/wp-content\/uploads\/2017\/07\/O0B2250-300x300.jpg 300w, https:\/\/www.eventi.es\/eventos\/wp-content\/uploads\/2017\/07\/O0B2250-100x100.jpg 100w, https:\/\/www.eventi.es\/eventos\/wp-content\/uploads\/2017\/07\/O0B2250-350x350.jpg 350w, https:\/\/www.eventi.es\/eventos\/wp-content\/uploads\/2017\/07\/O0B2250-650x650.jpg 650w, https:\/\/www.eventi.es\/eventos\/wp-content\/uploads\/2017\/07\/O0B2250-1200x1200.jpg 1200w, https:\/\/www.eventi.es\/eventos\/wp-content\/uploads\/2017\/07\/O0B2250-85x85.jpg 85w, https:\/\/www.eventi.es\/eventos\/wp-content\/uploads\/2017\/07\/O0B2250-40x40.jpg 40w\" data-sizes=\"(max-width: 150px) 100vw, 150px\" \/><\/a>\n\t\t\t<\/dt><\/dl><dl class='gallery-item'>\n\t\t\t<dt class='gallery-icon landscape'>\n\t\t\t\t<a href='https:\/\/www.eventi.es\/eventos\/wp-content\/uploads\/2017\/07\/O0B2199.jpg'><img loading=\"lazy\" decoding=\"async\" width=\"150\" height=\"150\" src=\"data:image\/svg+xml,%3Csvg%20xmlns%3D%27http:\/\/www.w3.org\/2000\/svg%27%20viewBox%3D%270%200%203%202%27%3E%3C\/svg%3E\" class=\"attachment-thumbnail size-thumbnail gt-lazy-load\" alt=\"Adriano &quot;Vuelta a \u00cdtaca&quot;\" data-src=\"https:\/\/www.eventi.es\/eventos\/wp-content\/uploads\/2017\/07\/O0B2199-150x150.jpg\" data-srcset=\"https:\/\/www.eventi.es\/eventos\/wp-content\/uploads\/2017\/07\/O0B2199-150x150.jpg 150w, https:\/\/www.eventi.es\/eventos\/wp-content\/uploads\/2017\/07\/O0B2199-300x300.jpg 300w, https:\/\/www.eventi.es\/eventos\/wp-content\/uploads\/2017\/07\/O0B2199-100x100.jpg 100w, https:\/\/www.eventi.es\/eventos\/wp-content\/uploads\/2017\/07\/O0B2199-350x350.jpg 350w, https:\/\/www.eventi.es\/eventos\/wp-content\/uploads\/2017\/07\/O0B2199-650x650.jpg 650w, https:\/\/www.eventi.es\/eventos\/wp-content\/uploads\/2017\/07\/O0B2199-1200x1200.jpg 1200w, https:\/\/www.eventi.es\/eventos\/wp-content\/uploads\/2017\/07\/O0B2199-85x85.jpg 85w, https:\/\/www.eventi.es\/eventos\/wp-content\/uploads\/2017\/07\/O0B2199-40x40.jpg 40w\" data-sizes=\"(max-width: 150px) 100vw, 150px\" \/><\/a>\n\t\t\t<\/dt><\/dl><br style=\"clear: both\" \/><dl class='gallery-item'>\n\t\t\t<dt class='gallery-icon landscape'>\n\t\t\t\t<a href='https:\/\/www.eventi.es\/eventos\/wp-content\/uploads\/2017\/07\/O0B2246.jpg'><img loading=\"lazy\" decoding=\"async\" width=\"150\" height=\"150\" src=\"data:image\/svg+xml,%3Csvg%20xmlns%3D%27http:\/\/www.w3.org\/2000\/svg%27%20viewBox%3D%270%200%203%202%27%3E%3C\/svg%3E\" class=\"attachment-thumbnail size-thumbnail gt-lazy-load\" alt=\"Noite no Mosteiro\" data-src=\"https:\/\/www.eventi.es\/eventos\/wp-content\/uploads\/2017\/07\/O0B2246-150x150.jpg\" data-srcset=\"https:\/\/www.eventi.es\/eventos\/wp-content\/uploads\/2017\/07\/O0B2246-150x150.jpg 150w, https:\/\/www.eventi.es\/eventos\/wp-content\/uploads\/2017\/07\/O0B2246-300x300.jpg 300w, https:\/\/www.eventi.es\/eventos\/wp-content\/uploads\/2017\/07\/O0B2246-100x100.jpg 100w, https:\/\/www.eventi.es\/eventos\/wp-content\/uploads\/2017\/07\/O0B2246-350x350.jpg 350w, https:\/\/www.eventi.es\/eventos\/wp-content\/uploads\/2017\/07\/O0B2246-650x650.jpg 650w, https:\/\/www.eventi.es\/eventos\/wp-content\/uploads\/2017\/07\/O0B2246-1200x1200.jpg 1200w, https:\/\/www.eventi.es\/eventos\/wp-content\/uploads\/2017\/07\/O0B2246-85x85.jpg 85w, https:\/\/www.eventi.es\/eventos\/wp-content\/uploads\/2017\/07\/O0B2246-40x40.jpg 40w\" data-sizes=\"(max-width: 150px) 100vw, 150px\" \/><\/a>\n\t\t\t<\/dt><\/dl><dl class='gallery-item'>\n\t\t\t<dt class='gallery-icon landscape'>\n\t\t\t\t<a href='https:\/\/www.eventi.es\/eventos\/wp-content\/uploads\/2017\/07\/O0B2247.jpg'><img loading=\"lazy\" decoding=\"async\" width=\"150\" height=\"150\" src=\"data:image\/svg+xml,%3Csvg%20xmlns%3D%27http:\/\/www.w3.org\/2000\/svg%27%20viewBox%3D%270%200%203%202%27%3E%3C\/svg%3E\" class=\"attachment-thumbnail size-thumbnail gt-lazy-load\" alt=\"Noite no Mosteiro\" data-src=\"https:\/\/www.eventi.es\/eventos\/wp-content\/uploads\/2017\/07\/O0B2247-150x150.jpg\" data-srcset=\"https:\/\/www.eventi.es\/eventos\/wp-content\/uploads\/2017\/07\/O0B2247-150x150.jpg 150w, https:\/\/www.eventi.es\/eventos\/wp-content\/uploads\/2017\/07\/O0B2247-300x300.jpg 300w, https:\/\/www.eventi.es\/eventos\/wp-content\/uploads\/2017\/07\/O0B2247-100x100.jpg 100w, https:\/\/www.eventi.es\/eventos\/wp-content\/uploads\/2017\/07\/O0B2247-350x350.jpg 350w, https:\/\/www.eventi.es\/eventos\/wp-content\/uploads\/2017\/07\/O0B2247-650x650.jpg 650w, https:\/\/www.eventi.es\/eventos\/wp-content\/uploads\/2017\/07\/O0B2247-1200x1200.jpg 1200w, https:\/\/www.eventi.es\/eventos\/wp-content\/uploads\/2017\/07\/O0B2247-85x85.jpg 85w, https:\/\/www.eventi.es\/eventos\/wp-content\/uploads\/2017\/07\/O0B2247-40x40.jpg 40w\" data-sizes=\"(max-width: 150px) 100vw, 150px\" \/><\/a>\n\t\t\t<\/dt><\/dl><dl class='gallery-item'>\n\t\t\t<dt class='gallery-icon portrait'>\n\t\t\t\t<a href='https:\/\/www.eventi.es\/eventos\/wp-content\/uploads\/2017\/07\/O0B2255.jpg'><img loading=\"lazy\" decoding=\"async\" width=\"150\" height=\"150\" src=\"data:image\/svg+xml,%3Csvg%20xmlns%3D%27http:\/\/www.w3.org\/2000\/svg%27%20viewBox%3D%270%200%203%202%27%3E%3C\/svg%3E\" class=\"attachment-thumbnail size-thumbnail gt-lazy-load\" alt=\"Noite no Mosteiro\" data-src=\"https:\/\/www.eventi.es\/eventos\/wp-content\/uploads\/2017\/07\/O0B2255-150x150.jpg\" data-srcset=\"https:\/\/www.eventi.es\/eventos\/wp-content\/uploads\/2017\/07\/O0B2255-150x150.jpg 150w, https:\/\/www.eventi.es\/eventos\/wp-content\/uploads\/2017\/07\/O0B2255-300x300.jpg 300w, https:\/\/www.eventi.es\/eventos\/wp-content\/uploads\/2017\/07\/O0B2255-100x100.jpg 100w, https:\/\/www.eventi.es\/eventos\/wp-content\/uploads\/2017\/07\/O0B2255-40x40.jpg 40w, https:\/\/www.eventi.es\/eventos\/wp-content\/uploads\/2017\/07\/O0B2255-85x85.jpg 85w\" data-sizes=\"(max-width: 150px) 100vw, 150px\" \/><\/a>\n\t\t\t<\/dt><\/dl><br style=\"clear: both\" \/><dl class='gallery-item'>\n\t\t\t<dt class='gallery-icon landscape'>\n\t\t\t\t<a href='https:\/\/www.eventi.es\/eventos\/wp-content\/uploads\/2017\/07\/O0B2231.jpg'><img loading=\"lazy\" decoding=\"async\" width=\"150\" height=\"150\" src=\"data:image\/svg+xml,%3Csvg%20xmlns%3D%27http:\/\/www.w3.org\/2000\/svg%27%20viewBox%3D%270%200%203%202%27%3E%3C\/svg%3E\" class=\"attachment-thumbnail size-thumbnail gt-lazy-load\" alt=\"Hadas Eventi Noite no Mosteiro\" data-src=\"https:\/\/www.eventi.es\/eventos\/wp-content\/uploads\/2017\/07\/O0B2231-150x150.jpg\" data-srcset=\"https:\/\/www.eventi.es\/eventos\/wp-content\/uploads\/2017\/07\/O0B2231-150x150.jpg 150w, https:\/\/www.eventi.es\/eventos\/wp-content\/uploads\/2017\/07\/O0B2231-300x300.jpg 300w, https:\/\/www.eventi.es\/eventos\/wp-content\/uploads\/2017\/07\/O0B2231-100x100.jpg 100w, https:\/\/www.eventi.es\/eventos\/wp-content\/uploads\/2017\/07\/O0B2231-350x350.jpg 350w, https:\/\/www.eventi.es\/eventos\/wp-content\/uploads\/2017\/07\/O0B2231-650x650.jpg 650w, https:\/\/www.eventi.es\/eventos\/wp-content\/uploads\/2017\/07\/O0B2231-1200x1200.jpg 1200w, https:\/\/www.eventi.es\/eventos\/wp-content\/uploads\/2017\/07\/O0B2231-85x85.jpg 85w, https:\/\/www.eventi.es\/eventos\/wp-content\/uploads\/2017\/07\/O0B2231-40x40.jpg 40w\" data-sizes=\"(max-width: 150px) 100vw, 150px\" \/><\/a>\n\t\t\t<\/dt><\/dl><dl class='gallery-item'>\n\t\t\t<dt class='gallery-icon landscape'>\n\t\t\t\t<a href='https:\/\/www.eventi.es\/eventos\/wp-content\/uploads\/2017\/07\/O0B2251.jpg'><img loading=\"lazy\" decoding=\"async\" width=\"150\" height=\"150\" src=\"data:image\/svg+xml,%3Csvg%20xmlns%3D%27http:\/\/www.w3.org\/2000\/svg%27%20viewBox%3D%270%200%203%202%27%3E%3C\/svg%3E\" class=\"attachment-thumbnail size-thumbnail gt-lazy-load\" alt=\"Noite no Mosteiro\" data-src=\"https:\/\/www.eventi.es\/eventos\/wp-content\/uploads\/2017\/07\/O0B2251-150x150.jpg\" data-srcset=\"https:\/\/www.eventi.es\/eventos\/wp-content\/uploads\/2017\/07\/O0B2251-150x150.jpg 150w, https:\/\/www.eventi.es\/eventos\/wp-content\/uploads\/2017\/07\/O0B2251-300x300.jpg 300w, https:\/\/www.eventi.es\/eventos\/wp-content\/uploads\/2017\/07\/O0B2251-100x100.jpg 100w, https:\/\/www.eventi.es\/eventos\/wp-content\/uploads\/2017\/07\/O0B2251-350x350.jpg 350w, https:\/\/www.eventi.es\/eventos\/wp-content\/uploads\/2017\/07\/O0B2251-650x650.jpg 650w, https:\/\/www.eventi.es\/eventos\/wp-content\/uploads\/2017\/07\/O0B2251-1200x1200.jpg 1200w, https:\/\/www.eventi.es\/eventos\/wp-content\/uploads\/2017\/07\/O0B2251-85x85.jpg 85w, https:\/\/www.eventi.es\/eventos\/wp-content\/uploads\/2017\/07\/O0B2251-40x40.jpg 40w\" data-sizes=\"(max-width: 150px) 100vw, 150px\" \/><\/a>\n\t\t\t<\/dt><\/dl><dl class='gallery-item'>\n\t\t\t<dt class='gallery-icon portrait'>\n\t\t\t\t<a href='https:\/\/www.eventi.es\/eventos\/wp-content\/uploads\/2017\/07\/O0B2256.jpg'><img loading=\"lazy\" decoding=\"async\" width=\"150\" height=\"150\" src=\"data:image\/svg+xml,%3Csvg%20xmlns%3D%27http:\/\/www.w3.org\/2000\/svg%27%20viewBox%3D%270%200%203%202%27%3E%3C\/svg%3E\" class=\"attachment-thumbnail size-thumbnail gt-lazy-load\" alt=\"Noite no Mosteiro\" data-src=\"https:\/\/www.eventi.es\/eventos\/wp-content\/uploads\/2017\/07\/O0B2256-150x150.jpg\" data-srcset=\"https:\/\/www.eventi.es\/eventos\/wp-content\/uploads\/2017\/07\/O0B2256-150x150.jpg 150w, https:\/\/www.eventi.es\/eventos\/wp-content\/uploads\/2017\/07\/O0B2256-300x300.jpg 300w, https:\/\/www.eventi.es\/eventos\/wp-content\/uploads\/2017\/07\/O0B2256-100x100.jpg 100w, https:\/\/www.eventi.es\/eventos\/wp-content\/uploads\/2017\/07\/O0B2256-350x350.jpg 350w, https:\/\/www.eventi.es\/eventos\/wp-content\/uploads\/2017\/07\/O0B2256-650x650.jpg 650w, https:\/\/www.eventi.es\/eventos\/wp-content\/uploads\/2017\/07\/O0B2256-85x85.jpg 85w, https:\/\/www.eventi.es\/eventos\/wp-content\/uploads\/2017\/07\/O0B2256-40x40.jpg 40w\" data-sizes=\"(max-width: 150px) 100vw, 150px\" \/><\/a>\n\t\t\t<\/dt><\/dl><br style=\"clear: both\" \/><dl class='gallery-item'>\n\t\t\t<dt class='gallery-icon portrait'>\n\t\t\t\t<a href='https:\/\/www.eventi.es\/eventos\/wp-content\/uploads\/2017\/07\/O0B2098.jpg'><img loading=\"lazy\" decoding=\"async\" width=\"150\" height=\"150\" src=\"data:image\/svg+xml,%3Csvg%20xmlns%3D%27http:\/\/www.w3.org\/2000\/svg%27%20viewBox%3D%270%200%203%202%27%3E%3C\/svg%3E\" class=\"attachment-thumbnail size-thumbnail gt-lazy-load\" alt=\"exposici\u00f3n de fotograf\u00edas\" data-src=\"https:\/\/www.eventi.es\/eventos\/wp-content\/uploads\/2017\/07\/O0B2098-150x150.jpg\" data-srcset=\"https:\/\/www.eventi.es\/eventos\/wp-content\/uploads\/2017\/07\/O0B2098-150x150.jpg 150w, https:\/\/www.eventi.es\/eventos\/wp-content\/uploads\/2017\/07\/O0B2098-300x300.jpg 300w, https:\/\/www.eventi.es\/eventos\/wp-content\/uploads\/2017\/07\/O0B2098-100x100.jpg 100w, https:\/\/www.eventi.es\/eventos\/wp-content\/uploads\/2017\/07\/O0B2098-350x350.jpg 350w, https:\/\/www.eventi.es\/eventos\/wp-content\/uploads\/2017\/07\/O0B2098-650x650.jpg 650w, https:\/\/www.eventi.es\/eventos\/wp-content\/uploads\/2017\/07\/O0B2098-85x85.jpg 85w, https:\/\/www.eventi.es\/eventos\/wp-content\/uploads\/2017\/07\/O0B2098-40x40.jpg 40w\" data-sizes=\"(max-width: 150px) 100vw, 150px\" \/><\/a>\n\t\t\t<\/dt><\/dl><dl class='gallery-item'>\n\t\t\t<dt class='gallery-icon portrait'>\n\t\t\t\t<a href='https:\/\/www.eventi.es\/eventos\/wp-content\/uploads\/2017\/07\/O0B2158.jpg'><img loading=\"lazy\" decoding=\"async\" width=\"150\" height=\"150\" src=\"data:image\/svg+xml,%3Csvg%20xmlns%3D%27http:\/\/www.w3.org\/2000\/svg%27%20viewBox%3D%270%200%203%202%27%3E%3C\/svg%3E\" class=\"attachment-thumbnail size-thumbnail gt-lazy-load\" alt=\"Adriano &quot;Vuelta a Itaca&quot;\" data-src=\"https:\/\/www.eventi.es\/eventos\/wp-content\/uploads\/2017\/07\/O0B2158-150x150.jpg\" data-srcset=\"https:\/\/www.eventi.es\/eventos\/wp-content\/uploads\/2017\/07\/O0B2158-150x150.jpg 150w, https:\/\/www.eventi.es\/eventos\/wp-content\/uploads\/2017\/07\/O0B2158-300x300.jpg 300w, https:\/\/www.eventi.es\/eventos\/wp-content\/uploads\/2017\/07\/O0B2158-100x100.jpg 100w, https:\/\/www.eventi.es\/eventos\/wp-content\/uploads\/2017\/07\/O0B2158-350x350.jpg 350w, https:\/\/www.eventi.es\/eventos\/wp-content\/uploads\/2017\/07\/O0B2158-650x650.jpg 650w, https:\/\/www.eventi.es\/eventos\/wp-content\/uploads\/2017\/07\/O0B2158-85x85.jpg 85w, https:\/\/www.eventi.es\/eventos\/wp-content\/uploads\/2017\/07\/O0B2158-40x40.jpg 40w\" data-sizes=\"(max-width: 150px) 100vw, 150px\" \/><\/a>\n\t\t\t<\/dt><\/dl><dl class='gallery-item'>\n\t\t\t<dt class='gallery-icon portrait'>\n\t\t\t\t<a href='https:\/\/www.eventi.es\/eventos\/wp-content\/uploads\/2017\/07\/O0B2113.jpg'><img loading=\"lazy\" decoding=\"async\" width=\"150\" height=\"150\" src=\"data:image\/svg+xml,%3Csvg%20xmlns%3D%27http:\/\/www.w3.org\/2000\/svg%27%20viewBox%3D%270%200%203%202%27%3E%3C\/svg%3E\" class=\"attachment-thumbnail size-thumbnail gt-lazy-load\" alt=\"Airi\u00f1os da Capela\" data-src=\"https:\/\/www.eventi.es\/eventos\/wp-content\/uploads\/2017\/07\/O0B2113-150x150.jpg\" data-srcset=\"https:\/\/www.eventi.es\/eventos\/wp-content\/uploads\/2017\/07\/O0B2113-150x150.jpg 150w, https:\/\/www.eventi.es\/eventos\/wp-content\/uploads\/2017\/07\/O0B2113-300x300.jpg 300w, https:\/\/www.eventi.es\/eventos\/wp-content\/uploads\/2017\/07\/O0B2113-100x100.jpg 100w, https:\/\/www.eventi.es\/eventos\/wp-content\/uploads\/2017\/07\/O0B2113-350x350.jpg 350w, https:\/\/www.eventi.es\/eventos\/wp-content\/uploads\/2017\/07\/O0B2113-650x650.jpg 650w, https:\/\/www.eventi.es\/eventos\/wp-content\/uploads\/2017\/07\/O0B2113-85x85.jpg 85w, https:\/\/www.eventi.es\/eventos\/wp-content\/uploads\/2017\/07\/O0B2113-40x40.jpg 40w\" data-sizes=\"(max-width: 150px) 100vw, 150px\" \/><\/a>\n\t\t\t<\/dt><\/dl><br style=\"clear: both\" \/><dl class='gallery-item'>\n\t\t\t<dt class='gallery-icon landscape'>\n\t\t\t\t<a href='https:\/\/www.eventi.es\/eventos\/wp-content\/uploads\/2017\/07\/O0B2125.jpg'><img loading=\"lazy\" decoding=\"async\" width=\"150\" height=\"150\" src=\"data:image\/svg+xml,%3Csvg%20xmlns%3D%27http:\/\/www.w3.org\/2000\/svg%27%20viewBox%3D%270%200%203%202%27%3E%3C\/svg%3E\" class=\"attachment-thumbnail size-thumbnail gt-lazy-load\" alt=\"Airi\u00f1os da Capela\" data-src=\"https:\/\/www.eventi.es\/eventos\/wp-content\/uploads\/2017\/07\/O0B2125-150x150.jpg\" data-srcset=\"https:\/\/www.eventi.es\/eventos\/wp-content\/uploads\/2017\/07\/O0B2125-150x150.jpg 150w, https:\/\/www.eventi.es\/eventos\/wp-content\/uploads\/2017\/07\/O0B2125-300x300.jpg 300w, https:\/\/www.eventi.es\/eventos\/wp-content\/uploads\/2017\/07\/O0B2125-100x100.jpg 100w, https:\/\/www.eventi.es\/eventos\/wp-content\/uploads\/2017\/07\/O0B2125-350x350.jpg 350w, https:\/\/www.eventi.es\/eventos\/wp-content\/uploads\/2017\/07\/O0B2125-650x650.jpg 650w, https:\/\/www.eventi.es\/eventos\/wp-content\/uploads\/2017\/07\/O0B2125-1200x1200.jpg 1200w, https:\/\/www.eventi.es\/eventos\/wp-content\/uploads\/2017\/07\/O0B2125-85x85.jpg 85w, https:\/\/www.eventi.es\/eventos\/wp-content\/uploads\/2017\/07\/O0B2125-40x40.jpg 40w\" data-sizes=\"(max-width: 150px) 100vw, 150px\" \/><\/a>\n\t\t\t<\/dt><\/dl><dl class='gallery-item'>\n\t\t\t<dt class='gallery-icon landscape'>\n\t\t\t\t<a href='https:\/\/www.eventi.es\/eventos\/wp-content\/uploads\/2017\/07\/O0B2218.jpg'><img loading=\"lazy\" decoding=\"async\" width=\"150\" height=\"150\" src=\"data:image\/svg+xml,%3Csvg%20xmlns%3D%27http:\/\/www.w3.org\/2000\/svg%27%20viewBox%3D%270%200%203%202%27%3E%3C\/svg%3E\" class=\"attachment-thumbnail size-thumbnail gt-lazy-load\" alt=\"Hadas Eventi Noite no Mosteiro\" data-src=\"https:\/\/www.eventi.es\/eventos\/wp-content\/uploads\/2017\/07\/O0B2218-150x150.jpg\" data-srcset=\"https:\/\/www.eventi.es\/eventos\/wp-content\/uploads\/2017\/07\/O0B2218-150x150.jpg 150w, https:\/\/www.eventi.es\/eventos\/wp-content\/uploads\/2017\/07\/O0B2218-300x300.jpg 300w, https:\/\/www.eventi.es\/eventos\/wp-content\/uploads\/2017\/07\/O0B2218-100x100.jpg 100w, https:\/\/www.eventi.es\/eventos\/wp-content\/uploads\/2017\/07\/O0B2218-350x350.jpg 350w, https:\/\/www.eventi.es\/eventos\/wp-content\/uploads\/2017\/07\/O0B2218-650x650.jpg 650w, https:\/\/www.eventi.es\/eventos\/wp-content\/uploads\/2017\/07\/O0B2218-1200x1200.jpg 1200w, https:\/\/www.eventi.es\/eventos\/wp-content\/uploads\/2017\/07\/O0B2218-85x85.jpg 85w, https:\/\/www.eventi.es\/eventos\/wp-content\/uploads\/2017\/07\/O0B2218-40x40.jpg 40w\" data-sizes=\"(max-width: 150px) 100vw, 150px\" \/><\/a>\n\t\t\t<\/dt><\/dl><dl class='gallery-item'>\n\t\t\t<dt class='gallery-icon portrait'>\n\t\t\t\t<a href='https:\/\/www.eventi.es\/eventos\/wp-content\/uploads\/2017\/07\/O0B2248.jpg'><img loading=\"lazy\" decoding=\"async\" width=\"150\" height=\"150\" src=\"data:image\/svg+xml,%3Csvg%20xmlns%3D%27http:\/\/www.w3.org\/2000\/svg%27%20viewBox%3D%270%200%203%202%27%3E%3C\/svg%3E\" class=\"attachment-thumbnail size-thumbnail gt-lazy-load\" alt=\"Noite no Mosteiro\" data-src=\"https:\/\/www.eventi.es\/eventos\/wp-content\/uploads\/2017\/07\/O0B2248-150x150.jpg\" data-srcset=\"https:\/\/www.eventi.es\/eventos\/wp-content\/uploads\/2017\/07\/O0B2248-150x150.jpg 150w, https:\/\/www.eventi.es\/eventos\/wp-content\/uploads\/2017\/07\/O0B2248-300x300.jpg 300w, https:\/\/www.eventi.es\/eventos\/wp-content\/uploads\/2017\/07\/O0B2248-100x100.jpg 100w, https:\/\/www.eventi.es\/eventos\/wp-content\/uploads\/2017\/07\/O0B2248-350x350.jpg 350w, https:\/\/www.eventi.es\/eventos\/wp-content\/uploads\/2017\/07\/O0B2248-650x650.jpg 650w, https:\/\/www.eventi.es\/eventos\/wp-content\/uploads\/2017\/07\/O0B2248-85x85.jpg 85w, https:\/\/www.eventi.es\/eventos\/wp-content\/uploads\/2017\/07\/O0B2248-40x40.jpg 40w\" data-sizes=\"(max-width: 150px) 100vw, 150px\" \/><\/a>\n\t\t\t<\/dt><\/dl><br style=\"clear: both\" \/><dl class='gallery-item'>\n\t\t\t<dt class='gallery-icon portrait'>\n\t\t\t\t<a href='https:\/\/www.eventi.es\/eventos\/wp-content\/uploads\/2017\/07\/O0B2259.jpg'><img loading=\"lazy\" decoding=\"async\" width=\"150\" height=\"150\" src=\"data:image\/svg+xml,%3Csvg%20xmlns%3D%27http:\/\/www.w3.org\/2000\/svg%27%20viewBox%3D%270%200%203%202%27%3E%3C\/svg%3E\" class=\"attachment-thumbnail size-thumbnail gt-lazy-load\" alt=\"Noite no Mosteiro\" data-src=\"https:\/\/www.eventi.es\/eventos\/wp-content\/uploads\/2017\/07\/O0B2259-150x150.jpg\" data-srcset=\"https:\/\/www.eventi.es\/eventos\/wp-content\/uploads\/2017\/07\/O0B2259-150x150.jpg 150w, https:\/\/www.eventi.es\/eventos\/wp-content\/uploads\/2017\/07\/O0B2259-300x300.jpg 300w, https:\/\/www.eventi.es\/eventos\/wp-content\/uploads\/2017\/07\/O0B2259-100x100.jpg 100w, https:\/\/www.eventi.es\/eventos\/wp-content\/uploads\/2017\/07\/O0B2259-350x350.jpg 350w, https:\/\/www.eventi.es\/eventos\/wp-content\/uploads\/2017\/07\/O0B2259-650x650.jpg 650w, https:\/\/www.eventi.es\/eventos\/wp-content\/uploads\/2017\/07\/O0B2259-85x85.jpg 85w, https:\/\/www.eventi.es\/eventos\/wp-content\/uploads\/2017\/07\/O0B2259-40x40.jpg 40w\" data-sizes=\"(max-width: 150px) 100vw, 150px\" \/><\/a>\n\t\t\t<\/dt><\/dl><dl class='gallery-item'>\n\t\t\t<dt class='gallery-icon portrait'>\n\t\t\t\t<a href='https:\/\/www.eventi.es\/eventos\/wp-content\/uploads\/2017\/07\/O0B2245.jpg'><img loading=\"lazy\" decoding=\"async\" width=\"150\" height=\"150\" src=\"data:image\/svg+xml,%3Csvg%20xmlns%3D%27http:\/\/www.w3.org\/2000\/svg%27%20viewBox%3D%270%200%203%202%27%3E%3C\/svg%3E\" class=\"attachment-thumbnail size-thumbnail gt-lazy-load\" alt=\"Noite no Mosteiro\" data-src=\"https:\/\/www.eventi.es\/eventos\/wp-content\/uploads\/2017\/07\/O0B2245-150x150.jpg\" data-srcset=\"https:\/\/www.eventi.es\/eventos\/wp-content\/uploads\/2017\/07\/O0B2245-150x150.jpg 150w, https:\/\/www.eventi.es\/eventos\/wp-content\/uploads\/2017\/07\/O0B2245-300x300.jpg 300w, https:\/\/www.eventi.es\/eventos\/wp-content\/uploads\/2017\/07\/O0B2245-100x100.jpg 100w, https:\/\/www.eventi.es\/eventos\/wp-content\/uploads\/2017\/07\/O0B2245-350x350.jpg 350w, https:\/\/www.eventi.es\/eventos\/wp-content\/uploads\/2017\/07\/O0B2245-650x650.jpg 650w, https:\/\/www.eventi.es\/eventos\/wp-content\/uploads\/2017\/07\/O0B2245-85x85.jpg 85w, https:\/\/www.eventi.es\/eventos\/wp-content\/uploads\/2017\/07\/O0B2245-40x40.jpg 40w\" data-sizes=\"(max-width: 150px) 100vw, 150px\" \/><\/a>\n\t\t\t<\/dt><\/dl><dl class='gallery-item'>\n\t\t\t<dt class='gallery-icon landscape'>\n\t\t\t\t<a href='https:\/\/www.eventi.es\/eventos\/wp-content\/uploads\/2017\/07\/O0B2241.jpg'><img loading=\"lazy\" decoding=\"async\" width=\"150\" height=\"150\" src=\"data:image\/svg+xml,%3Csvg%20xmlns%3D%27http:\/\/www.w3.org\/2000\/svg%27%20viewBox%3D%270%200%203%202%27%3E%3C\/svg%3E\" class=\"attachment-thumbnail size-thumbnail gt-lazy-load\" alt=\"Hadas Eventi Noite no Mosteiro\" data-src=\"https:\/\/www.eventi.es\/eventos\/wp-content\/uploads\/2017\/07\/O0B2241-150x150.jpg\" data-srcset=\"https:\/\/www.eventi.es\/eventos\/wp-content\/uploads\/2017\/07\/O0B2241-150x150.jpg 150w, https:\/\/www.eventi.es\/eventos\/wp-content\/uploads\/2017\/07\/O0B2241-300x300.jpg 300w, https:\/\/www.eventi.es\/eventos\/wp-content\/uploads\/2017\/07\/O0B2241-100x100.jpg 100w, https:\/\/www.eventi.es\/eventos\/wp-content\/uploads\/2017\/07\/O0B2241-350x350.jpg 350w, https:\/\/www.eventi.es\/eventos\/wp-content\/uploads\/2017\/07\/O0B2241-650x650.jpg 650w, https:\/\/www.eventi.es\/eventos\/wp-content\/uploads\/2017\/07\/O0B2241-1200x1200.jpg 1200w, https:\/\/www.eventi.es\/eventos\/wp-content\/uploads\/2017\/07\/O0B2241-85x85.jpg 85w, https:\/\/www.eventi.es\/eventos\/wp-content\/uploads\/2017\/07\/O0B2241-40x40.jpg 40w\" data-sizes=\"(max-width: 150px) 100vw, 150px\" \/><\/a>\n\t\t\t<\/dt><\/dl><br style=\"clear: both\" \/><dl class='gallery-item'>\n\t\t\t<dt class='gallery-icon portrait'>\n\t\t\t\t<a href='https:\/\/www.eventi.es\/eventos\/wp-content\/uploads\/2017\/07\/O0B2244.jpg'><img loading=\"lazy\" decoding=\"async\" width=\"150\" height=\"150\" src=\"data:image\/svg+xml,%3Csvg%20xmlns%3D%27http:\/\/www.w3.org\/2000\/svg%27%20viewBox%3D%270%200%203%202%27%3E%3C\/svg%3E\" class=\"attachment-thumbnail size-thumbnail gt-lazy-load\" alt=\"Noite no Mosteiro\" data-src=\"https:\/\/www.eventi.es\/eventos\/wp-content\/uploads\/2017\/07\/O0B2244-150x150.jpg\" data-srcset=\"https:\/\/www.eventi.es\/eventos\/wp-content\/uploads\/2017\/07\/O0B2244-150x150.jpg 150w, https:\/\/www.eventi.es\/eventos\/wp-content\/uploads\/2017\/07\/O0B2244-300x300.jpg 300w, https:\/\/www.eventi.es\/eventos\/wp-content\/uploads\/2017\/07\/O0B2244-100x100.jpg 100w, https:\/\/www.eventi.es\/eventos\/wp-content\/uploads\/2017\/07\/O0B2244-350x350.jpg 350w, https:\/\/www.eventi.es\/eventos\/wp-content\/uploads\/2017\/07\/O0B2244-650x650.jpg 650w, https:\/\/www.eventi.es\/eventos\/wp-content\/uploads\/2017\/07\/O0B2244-85x85.jpg 85w, https:\/\/www.eventi.es\/eventos\/wp-content\/uploads\/2017\/07\/O0B2244-40x40.jpg 40w\" data-sizes=\"(max-width: 150px) 100vw, 150px\" \/><\/a>\n\t\t\t<\/dt><\/dl><dl class='gallery-item'>\n\t\t\t<dt class='gallery-icon landscape'>\n\t\t\t\t<a href='https:\/\/www.eventi.es\/eventos\/wp-content\/uploads\/2017\/07\/O0B2103.jpg'><img loading=\"lazy\" decoding=\"async\" width=\"150\" height=\"150\" src=\"data:image\/svg+xml,%3Csvg%20xmlns%3D%27http:\/\/www.w3.org\/2000\/svg%27%20viewBox%3D%270%200%203%202%27%3E%3C\/svg%3E\" class=\"attachment-thumbnail size-thumbnail gt-lazy-load\" alt=\"Airi\u00f1os da Capela\" data-src=\"https:\/\/www.eventi.es\/eventos\/wp-content\/uploads\/2017\/07\/O0B2103-150x150.jpg\" data-srcset=\"https:\/\/www.eventi.es\/eventos\/wp-content\/uploads\/2017\/07\/O0B2103-150x150.jpg 150w, https:\/\/www.eventi.es\/eventos\/wp-content\/uploads\/2017\/07\/O0B2103-300x300.jpg 300w, https:\/\/www.eventi.es\/eventos\/wp-content\/uploads\/2017\/07\/O0B2103-100x100.jpg 100w, https:\/\/www.eventi.es\/eventos\/wp-content\/uploads\/2017\/07\/O0B2103-350x350.jpg 350w, https:\/\/www.eventi.es\/eventos\/wp-content\/uploads\/2017\/07\/O0B2103-650x650.jpg 650w, https:\/\/www.eventi.es\/eventos\/wp-content\/uploads\/2017\/07\/O0B2103-1200x1200.jpg 1200w, https:\/\/www.eventi.es\/eventos\/wp-content\/uploads\/2017\/07\/O0B2103-85x85.jpg 85w, https:\/\/www.eventi.es\/eventos\/wp-content\/uploads\/2017\/07\/O0B2103-40x40.jpg 40w\" data-sizes=\"(max-width: 150px) 100vw, 150px\" \/><\/a>\n\t\t\t<\/dt><\/dl><dl class='gallery-item'>\n\t\t\t<dt class='gallery-icon portrait'>\n\t\t\t\t<a href='https:\/\/www.eventi.es\/eventos\/wp-content\/uploads\/2017\/07\/O0B2179.jpg'><img loading=\"lazy\" decoding=\"async\" width=\"150\" height=\"150\" src=\"data:image\/svg+xml,%3Csvg%20xmlns%3D%27http:\/\/www.w3.org\/2000\/svg%27%20viewBox%3D%270%200%203%202%27%3E%3C\/svg%3E\" class=\"attachment-thumbnail size-thumbnail gt-lazy-load\" alt=\"P\u00fablico Noite no Mosteiro\" data-src=\"https:\/\/www.eventi.es\/eventos\/wp-content\/uploads\/2017\/07\/O0B2179-150x150.jpg\" data-srcset=\"https:\/\/www.eventi.es\/eventos\/wp-content\/uploads\/2017\/07\/O0B2179-150x150.jpg 150w, https:\/\/www.eventi.es\/eventos\/wp-content\/uploads\/2017\/07\/O0B2179-300x300.jpg 300w, https:\/\/www.eventi.es\/eventos\/wp-content\/uploads\/2017\/07\/O0B2179-100x100.jpg 100w, https:\/\/www.eventi.es\/eventos\/wp-content\/uploads\/2017\/07\/O0B2179-350x350.jpg 350w, https:\/\/www.eventi.es\/eventos\/wp-content\/uploads\/2017\/07\/O0B2179-650x650.jpg 650w, https:\/\/www.eventi.es\/eventos\/wp-content\/uploads\/2017\/07\/O0B2179-85x85.jpg 85w, https:\/\/www.eventi.es\/eventos\/wp-content\/uploads\/2017\/07\/O0B2179-40x40.jpg 40w\" data-sizes=\"(max-width: 150px) 100vw, 150px\" \/><\/a>\n\t\t\t<\/dt><\/dl><br style=\"clear: both\" \/>\n\t\t<\/div>\n\n","protected":false},"excerpt":{"rendered":"<p>Queremos dedicar este post a todas las personas que se acercaron el pasado d\u00eda 24 de Junio hasta el monasterio de Caaveiro para disfrutar de una nueva edici\u00f3n de nuestra producci\u00f3n \u00abNoite No Mosteiro\u00bb. Aunque durante el d\u00eda la afluencia fue la prevista, debido al fant\u00e1stico d\u00eda de playa que hac\u00eda, al anochecer el flujo de gente fue mayor incluso que el a\u00f1o pasado. En total unas 2.000 personas compartieron con nosotros una noche especial, una noche m\u00e1gica. Los autobuses dispuestos por la Diputaci\u00f3n llegaban llenos, incluso los del refuerzo de la noche que se prolong\u00f3 hasta la madrugada (gracias Diputaci\u00f3n de A Coru\u00f1a), e incluso los dos fletados por el Ayuntamiento de A Capela cubrieron sus plazas unos d\u00edas antes. En esta ocasi\u00f3n el programa present\u00f3 varias novedades con respecto a la primera edici\u00f3n, quedando definido de este modo: Exposici\u00f3n de las fotograf\u00edas ganadoras y finalistas del I Concurso de Fotograf\u00eda Concello da Capela, celebrado en 2016. OJO porque ya est\u00e1 a punto de abrir la convocatoria de este a\u00f1o. Folclore tradicional gallego, a cargo de Airi\u00f1os da Capela, que animaron la tarde a los turistas. Concierto de c\u00e1mara a cargo del tr\u00edo Flutello, que nos sumieron a todos en un momento de relax. Concierto \u00abVuelta a \u00cdtaca\u00bb, en el que Adriano y su serrucho musical, con su maestr\u00eda y personalidad, nos encandil\u00f3 a todos, dej\u00e1ndonos boquiabiertos (no hay m\u00e1s que ver el v\u00eddeo, jeje) Iluminaci\u00f3n del monasterio Y el broche final puesto por las Hadas Eventi, representando la leyenda de las Hadas del Bosque, que dej\u00f3 a m\u00e1s de un ni\u00f1o -y de un adulto- ensimismado. Por nuestra parte, esperamos que el evento os haya gustado, que hay\u00e1is podido disfrutar de una noche muy especial, en un enclave inigualable, y que pod\u00e1is disculpar los errores que seguramente habremos cometido. Agradecemos especialmente la confianza depositada por el Ayuntamiento de A Capela y la Diputaci\u00f3n de A Coru\u00f1a.\u00a0 Siempre es un placer trabajar con ellos. Esperamos no haber defraudado. Aqu\u00ed os dejamos una peque\u00f1a galer\u00eda de im\u00e1genes y el v\u00eddeo del evento. A TODOS, GRACIAS.<\/p>\n","protected":false},"author":1,"featured_media":2356,"comment_status":"open","ping_status":"open","sticky":false,"template":"","format":"standard","meta":{"_themeisle_gutenberg_block_has_review":false,"footnotes":""},"categories":[19,18,137,130],"tags":[250,177,20,266,256,252,140,249,265,28,139],"class_list":["post-2328","post","type-post","status-publish","format-standard","has-post-thumbnail","hentry","category-cultura","category-eventos","category-musica","category-turismo","tag-a-capela","tag-eventi","tag-eventos","tag-eventos-culturales","tag-fragas-del-eume","tag-fragas-do-eume","tag-hadas-eventi","tag-monasterio-de-caaveiro","tag-mosteiro-de-caaveiro","tag-naturaleza","tag-noite-no-mosteiro"],"_links":{"self":[{"href":"https:\/\/www.eventi.es\/eventos\/wp-json\/wp\/v2\/posts\/2328","targetHints":{"allow":["GET"]}}],"collection":[{"href":"https:\/\/www.eventi.es\/eventos\/wp-json\/wp\/v2\/posts"}],"about":[{"href":"https:\/\/www.eventi.es\/eventos\/wp-json\/wp\/v2\/types\/post"}],"author":[{"embeddable":true,"href":"https:\/\/www.eventi.es\/eventos\/wp-json\/wp\/v2\/users\/1"}],"replies":[{"embeddable":true,"href":"https:\/\/www.eventi.es\/eventos\/wp-json\/wp\/v2\/comments?post=2328"}],"version-history":[{"count":2,"href":"https:\/\/www.eventi.es\/eventos\/wp-json\/wp\/v2\/posts\/2328\/revisions"}],"predecessor-version":[{"id":2358,"href":"https:\/\/www.eventi.es\/eventos\/wp-json\/wp\/v2\/posts\/2328\/revisions\/2358"}],"wp:featuredmedia":[{"embeddable":true,"href":"https:\/\/www.eventi.es\/eventos\/wp-json\/wp\/v2\/media\/2356"}],"wp:attachment":[{"href":"https:\/\/www.eventi.es\/eventos\/wp-json\/wp\/v2\/media?parent=2328"}],"wp:term":[{"taxonomy":"category","embeddable":true,"href":"https:\/\/www.eventi.es\/eventos\/wp-json\/wp\/v2\/categories?post=2328"},{"taxonomy":"post_tag","embeddable":true,"href":"https:\/\/www.eventi.es\/eventos\/wp-json\/wp\/v2\/tags?post=2328"}],"curies":[{"name":"wp","href":"https:\/\/api.w.org\/{rel}","templated":true}]}}