{"id":2520,"date":"2017-12-31T19:26:49","date_gmt":"2017-12-31T19:26:49","guid":{"rendered":"http:\/\/www.eventi.es\/blog\/?p=2520"},"modified":"2017-12-31T19:31:01","modified_gmt":"2017-12-31T19:31:01","slug":"adios-2017-hola-2018","status":"publish","type":"post","link":"https:\/\/www.eventi.es\/eventos\/adios-2017-hola-2018\/","title":{"rendered":"Adi\u00f3s 2017, hola 2018"},"content":{"rendered":"<p><a href=\"http:\/\/www.eventi.es\/blog\/wp-content\/uploads\/2017\/12\/feliz2018.jpg\"><img loading=\"lazy\" decoding=\"async\" class=\"alignleft size-medium wp-image-2521\" src=\"http:\/\/www.eventi.es\/blog\/wp-content\/uploads\/2017\/12\/feliz2018-300x229.jpg\" alt=\"Feliz 2018\" width=\"300\" height=\"229\" srcset=\"https:\/\/www.eventi.es\/eventos\/wp-content\/uploads\/2017\/12\/feliz2018-300x229.jpg 300w, https:\/\/www.eventi.es\/eventos\/wp-content\/uploads\/2017\/12\/feliz2018.jpg 500w\" sizes=\"auto, (max-width: 300px) 100vw, 300px\" \/><\/a>Se va. Un a\u00f1o m\u00e1s, o uno menos, que esto es como el dicho del vaso; ya sab\u00e9is, medio lleno o medio vac\u00edo. Decimos adi\u00f3s al 2017, un a\u00f1o del que tambi\u00e9n sacamos conclusiones positivas. No es que todo lo sucedido haya sido bueno, que 365 d\u00edas dan para que haya variedad, pero incluso de lo malo hay que tratar de sacar alguna conclusi\u00f3n provechosa: para aprender, para mejorar, para no repetir errores&#8230; lo que importa es poder contarlo y tener el suficiente sentido com\u00fan y sensatez para poder analizarlo, con frialdad, con cabeza.<\/p>\n<p>Eso. Cabeza. Quiz\u00e1 empiece a ser una gran desconocida para muchos. Unos porque utilizan m\u00e1s las v\u00edsceras en su toma de decisiones. Otros porque han delegado su uso en un grupo de chips ocultos tras la pantalla de un m\u00f3vil, de una tablet. Cabeza. Necesitamos volver a usarla con m\u00e1s asiduidad de lo que lo estamos haciendo. De lo que lo est\u00e1n haciendo sobre todo quienes dirigen nuestros destinos.<\/p>\n<p>Entramos en el 2018. Sugiero afrontarlo con decisi\u00f3n, con ilusi\u00f3n, con entusiasmo, con esp\u00edritu positivo. Y con cabeza. Nos har\u00e1 falta, porque no podemos caer en el derrotismo de situaciones impuestas o dejarnos llevar por trayectorias marcadas por otros que no la usan m\u00e1s que para&#8230; no s\u00e9 para qu\u00e9. Vale que hay hechos inevitables, que quiz\u00e1 cada uno de nosotros tenga su destino ya escrito, que no podemos dominar la naturaleza ni los designios \u00ab\u00bf<em>divinos quiz\u00e1<\/em>?\u00bb, pero s\u00ed que podemos al menos encarar este nuevo a\u00f1o con la valent\u00eda y el tes\u00f3n suficientes para que podamos recorrerlo y finalmente tener la oportunidad de un nuevo an\u00e1lisis.<\/p>\n<p>Afront\u00e9moslo con ilusi\u00f3n, con la vista puesta en ser mejores, en comportarnos mejor, tanto como personas como desde el plano profesional.<\/p>\n<p>En Eventi nos gustar\u00eda recorrer estos 365 d\u00edas que nos quedan por delante vi\u00e9ndoos a todos a nuestro lado: clientes, amigos, compa\u00f1eras&#8230; y poder ver en vuestros rostros el mismo entusiasmo que tenemos nosotros.<\/p>\n<p>A los que nos hab\u00e9is acompa\u00f1ado en este 2017 al que decimos adios, os queremos dar las gracias por permitirnos, un a\u00f1o m\u00e1s, llegar hasta aqu\u00ed. Gracias por estar ah\u00ed, gracias por ense\u00f1arnos, gracias por confiar en nosotros, gracias por corregirnos, por tolerarnos, por perdonar nuestros errores y celebrar nuestros aciertos. Gracias por estos 365 d\u00edas.<\/p>\n<p>Aqu\u00ed est\u00e1 el nuevo a\u00f1o. Hola 2018. \u00bfNos acompa\u00f1\u00e1is?<\/p>\n<p>Eventi os desea salud, felicidad, fuerza, ilusi\u00f3n, amistad, trabajo &#8230; y cabeza. Feliz 2018.<\/p>\n","protected":false},"excerpt":{"rendered":"<p>Se va. Un a\u00f1o m\u00e1s, o uno menos, que esto es como el dicho del vaso; ya sab\u00e9is, medio lleno o medio vac\u00edo. Decimos adi\u00f3s al 2017, un a\u00f1o del que tambi\u00e9n sacamos conclusiones positivas. No es que todo lo sucedido haya sido bueno, que 365 d\u00edas dan para que haya variedad, pero incluso de lo malo hay que tratar de sacar alguna conclusi\u00f3n provechosa: para aprender, para mejorar, para no repetir errores&#8230; lo que importa es poder contarlo y tener el suficiente sentido com\u00fan y sensatez para poder analizarlo, con frialdad, con cabeza. Eso. Cabeza. Quiz\u00e1 empiece a ser una gran desconocida para muchos. Unos porque utilizan m\u00e1s las v\u00edsceras en su toma de decisiones. Otros porque han delegado su uso en un grupo de chips ocultos tras la pantalla de un m\u00f3vil, de una tablet. Cabeza. Necesitamos volver a usarla con m\u00e1s asiduidad de lo que lo estamos haciendo. De lo que lo est\u00e1n haciendo sobre todo quienes dirigen nuestros destinos. Entramos en el 2018. Sugiero afrontarlo con decisi\u00f3n, con ilusi\u00f3n, con entusiasmo, con esp\u00edritu positivo. Y con cabeza. Nos har\u00e1 falta, porque no podemos caer en el derrotismo de situaciones impuestas o dejarnos llevar por trayectorias marcadas por otros que no la usan m\u00e1s que para&#8230; no s\u00e9 para qu\u00e9. Vale que hay hechos inevitables, que quiz\u00e1 cada uno de nosotros tenga su destino ya escrito, que no podemos dominar la naturaleza ni los designios \u00ab\u00bfdivinos quiz\u00e1?\u00bb, pero s\u00ed que podemos al menos encarar este nuevo a\u00f1o con la valent\u00eda y el tes\u00f3n suficientes para que podamos recorrerlo y finalmente tener la oportunidad de un nuevo an\u00e1lisis. Afront\u00e9moslo con ilusi\u00f3n, con la vista puesta en ser mejores, en comportarnos mejor, tanto como personas como desde el plano profesional. En Eventi nos gustar\u00eda recorrer estos 365 d\u00edas que nos quedan por delante vi\u00e9ndoos a todos a nuestro lado: clientes, amigos, compa\u00f1eras&#8230; y poder ver en vuestros rostros el mismo entusiasmo que tenemos nosotros. A los que nos hab\u00e9is acompa\u00f1ado en este 2017 al que decimos adios, os queremos dar las gracias por permitirnos, un a\u00f1o m\u00e1s, llegar hasta aqu\u00ed. Gracias por estar ah\u00ed, gracias por ense\u00f1arnos, gracias por confiar en nosotros, gracias por corregirnos, por tolerarnos, por perdonar nuestros errores y celebrar nuestros aciertos. Gracias por estos 365 d\u00edas. Aqu\u00ed est\u00e1 el nuevo a\u00f1o. Hola 2018. \u00bfNos acompa\u00f1\u00e1is? Eventi os desea salud, felicidad, fuerza, ilusi\u00f3n, amistad, trabajo &#8230; y cabeza. Feliz 2018.<\/p>\n","protected":false},"author":1,"featured_media":2521,"comment_status":"open","ping_status":"open","sticky":false,"template":"","format":"standard","meta":{"_themeisle_gutenberg_block_has_review":false,"footnotes":""},"categories":[15],"tags":[272,184,192,177,20,271,273],"class_list":["post-2520","post","type-post","status-publish","format-standard","has-post-thumbnail","hentry","category-noticias","tag-272","tag-azafatas","tag-congresos","tag-eventi","tag-eventos","tag-feliz-2018","tag-organizacion-de-eventos"],"_links":{"self":[{"href":"https:\/\/www.eventi.es\/eventos\/wp-json\/wp\/v2\/posts\/2520","targetHints":{"allow":["GET"]}}],"collection":[{"href":"https:\/\/www.eventi.es\/eventos\/wp-json\/wp\/v2\/posts"}],"about":[{"href":"https:\/\/www.eventi.es\/eventos\/wp-json\/wp\/v2\/types\/post"}],"author":[{"embeddable":true,"href":"https:\/\/www.eventi.es\/eventos\/wp-json\/wp\/v2\/users\/1"}],"replies":[{"embeddable":true,"href":"https:\/\/www.eventi.es\/eventos\/wp-json\/wp\/v2\/comments?post=2520"}],"version-history":[{"count":3,"href":"https:\/\/www.eventi.es\/eventos\/wp-json\/wp\/v2\/posts\/2520\/revisions"}],"predecessor-version":[{"id":2524,"href":"https:\/\/www.eventi.es\/eventos\/wp-json\/wp\/v2\/posts\/2520\/revisions\/2524"}],"wp:featuredmedia":[{"embeddable":true,"href":"https:\/\/www.eventi.es\/eventos\/wp-json\/wp\/v2\/media\/2521"}],"wp:attachment":[{"href":"https:\/\/www.eventi.es\/eventos\/wp-json\/wp\/v2\/media?parent=2520"}],"wp:term":[{"taxonomy":"category","embeddable":true,"href":"https:\/\/www.eventi.es\/eventos\/wp-json\/wp\/v2\/categories?post=2520"},{"taxonomy":"post_tag","embeddable":true,"href":"https:\/\/www.eventi.es\/eventos\/wp-json\/wp\/v2\/tags?post=2520"}],"curies":[{"name":"wp","href":"https:\/\/api.w.org\/{rel}","templated":true}]}}