{"id":3274,"date":"2020-07-22T12:23:51","date_gmt":"2020-07-22T12:23:51","guid":{"rendered":"https:\/\/www.eventi.es\/blog\/?p=3274"},"modified":"2020-07-22T12:26:14","modified_gmt":"2020-07-22T12:26:14","slug":"noite-no-mosteiro-do-couto-reto-superado","status":"publish","type":"post","link":"https:\/\/www.eventi.es\/eventos\/noite-no-mosteiro-do-couto-reto-superado\/","title":{"rendered":"Noite no mosteiro do Couto, reto superado"},"content":{"rendered":"\n<p>El pasado d\u00eda 18 de julio afront\u00e1bamos un reto profesional que se convirti\u00f3 tambi\u00e9n en reto personal, algo l\u00f3gico cuando pones todo tu esfuerzo y dedicaci\u00f3n en ello. Era el primer evento que, aunque de peque\u00f1o formato, nos pon\u00eda frente a frente contra el coronavirus.<\/p>\n\n\n\n<!--more-->\n\n\n\n<p>Por primera vez en m\u00e1s de 15 a\u00f1os de trayectoria de Eventi nos preocupaba m\u00e1s el comportamiento del p\u00fablico que el desarrollo de la parte t\u00e9cnica del evento, m\u00e1s a\u00fan a la vista de lo que ve\u00edamos a diario en medios de comunicaci\u00f3n, con gente haciendo botellones, acudiendo a discotecas y organizando fiestas sin la m\u00e1s m\u00ednima medida de prevenci\u00f3n.<\/p>\n\n\n\n<p>Por eso dedicamos m\u00e1s tiempo de planificaci\u00f3n al desarrollo de un protocolo COVID que a la parte t\u00e9cnica. Y ese protocolo deb\u00eda actuar en dos frentes: la protecci\u00f3n de nuestro personal, y la protecci\u00f3n del p\u00fablico.<\/p>\n\n\n\n<p>Salvo peque\u00f1as an\u00e9cdotas sin importancia, hemos de decir que el p\u00fablico se comport\u00f3 con una gran madurez, responsibilidad y comprensi\u00f3n, colaborando en todo momento con la organizaci\u00f3n. <strong>A las personas que fueron a este evento, os damos las gracias por vuestra actitud ejemplar.<\/strong> <\/p>\n\n\n\n<p>En Eventi hemos hecho un gran esfuerzo econ\u00f3mico (+ 3000 \u20ac) para dotarnos de equipos y materiales que nos permitan llevar a cabo eventos con seguridad para todos:<\/p>\n\n\n\n<ul class=\"wp-block-list\"><li>Disponemos de <strong>term\u00f3metros infrarrojos de lectura r\u00e1pida<\/strong> (0,5 seg) <strong>homologados como equipo m\u00e9dico<\/strong>, con las siguientes certificaciones:<br>&#8211; EN12470-5 y ASTM E1965-1998<br>&#8211; EN 980<br>&#8211; EN 1041: informaci\u00f3n pr\u00e1cticas m\u00e9dicas<br>&#8211; EN 60601-1: equipo el\u00e9ctrico<br>&#8211; EN 60601-1-2: equipo electrom\u00e9dico<\/li><li><strong>Estaciones de higiene con dispensadores sin contacto<\/strong>, con gel hidroalcoh\u00f3lico <strong>con homologaci\u00f3n UNE-EN 14476<\/strong>, registro sanitario 4029704\/PO, autorizado por la Agencia Espa\u00f1ola de Medicamentos y productos Sanitarios (AEMPS) con el n\u00famero 834<\/li><li><strong>Mascarillas higi\u00e9nicas de triple capa con homologaci\u00f3n UNE 0064-1:2020<\/strong> y una eficacia de filtraci\u00f3n bacteriana (BFE) \u2265 95%.<\/li><li><strong>Desinfectantes<\/strong> Sanytol y Disclin, reconocidos por el Ministerio de Sanidad como virucidas autorizados.<\/li><li>Postes separadores, conos y paneles informativos.<\/li><li>Contadores de personas (entrada\/salida).<\/li><li><strong>Nuestro personal va equipado con el siguiente EPI<\/strong>: mascarilla higi\u00e9nica de triple capa homologaci\u00f3n UNE 0064-1:2020, pantalla de protecci\u00f3n facial, bote dosificador de bolsillo con gel hidroalcoh\u00f3lico con homologaci\u00f3n UNE-EN 14476, y guantes de nitrilo de la marca Dermik NA48 para tareas de limpieza y desinfecci\u00f3n.<\/li><\/ul>\n\n\n\n<p class=\"has-text-color has-vivid-cyan-blue-color\"><strong>No podemos garantizar una seguridad del 100% (nadie puede) ni ser infalibles en las tareas de vigilancia y control, pero queremos tener la conciencia tranquila de haber hecho todo lo que est\u00e1 en nuestra mano para intentarlo.<\/strong><\/p>\n\n\n\n<p><strong>La nueva normalidad en eventos al aire libre<\/strong>, en un evento tan peque\u00f1o como la <a href=\"https:\/\/es-es.facebook.com\/hashtag\/noitenomosteirodocouto2020?__eep__=6&amp;source=feed_text&amp;epa=HASHTAG&amp;__xts__%5B0%5D=68.ARBUN6ZqAtJnVLBXgI5u8GFDb2DLWaMLqLu4cnz0g-RjZ7TM1ze_fhEV8KALLzM50BmVKS7WZWvHIU_887V7Ld12Mr_teFhsZ3StuAvumubwXqZK6AwWYKTl5q5rPYHjTVaRAEKoqlIYrBmL1Ihd8Lg90M1kUteB9igDR5SIhtmxaa4RFQwwMRCU1EDL0yOPgf8J_5MTS8xE-PdtHuzcYb4NboGMHSlRC5SoRvQy02rLg6k9vMqVr8V43UvI4tKrYDX6x0w7O6OyGIL8MtKdQgYU2ScxeZYhIk1GuFfYFJFCG47ypZxfczTg40hqwv7pK0cxBNbLXwgEj8NZ-0bJ_BEz1w&amp;__tn__=%2ANK-R\">#NoiteNoMosteiroDoCouto2020<\/a> se estructura as\u00ed:<\/p>\n\n\n\n<ul class=\"wp-block-list\"><li>2 personas (t\u00e9cnico + auxiliar) de producci\u00f3n (planificaci\u00f3n, dise\u00f1o de protocolo covid, contrataci\u00f3n y administraci\u00f3n)<\/li><li>2 auxiliares montaje\/desmontaje protocolo covid<\/li><li>4 t\u00e9cnicos (montaje, ajuste y desmontaje de sonido e iluminaci\u00f3n)<\/li><li>5 azafatas informaci\u00f3n y control protocolo covid<\/li><li>2 m\u00fasicos profesionales<\/li><li>1 vigilante de seguridad (durante la pausa para comer)<\/li><li>Inicio del montaje: 10:00h<\/li><li>Fin del desmontaje: 04:15 h<\/li><\/ul>\n\n\n\n<blockquote class=\"wp-block-quote is-layout-flow wp-block-quote-is-layout-flow\"><p>Y ahora la pregunta: \u00bfnos comprometemos a comportarnos en eventos con ciertas incomodidades y limitaciones, y en nuestro d\u00eda a d\u00eda, o mandamos a toda esta gente al paro?<\/p><\/blockquote>\n\n\n\n<p>En el caso de este evento, nos sentimos orgullosos del comportamiento del p\u00fablico, pero parece que no en todos los eventos est\u00e1n teniendo la misma suerte.<\/p>\n\n\n\n<p class=\"has-text-color has-vivid-red-color\"><strong>Seamos sensatos; muchas familias dependen de los eventos.<\/strong><\/p>\n\n\n\n<figure class=\"wp-block-gallery columns-3 is-cropped wp-block-gallery-1 is-layout-flex wp-block-gallery-is-layout-flex\"><ul class=\"blocks-gallery-grid\"><li class=\"blocks-gallery-item\"><figure><img loading=\"lazy\" decoding=\"async\" width=\"300\" height=\"207\" src=\"https:\/\/www.eventi.es\/blog\/wp-content\/uploads\/2020\/07\/1813-300x207.jpg\" alt=\"\" data-id=\"3272\" data-full-url=\"https:\/\/www.eventi.es\/blog\/wp-content\/uploads\/2020\/07\/1813.jpg\" data-link=\"https:\/\/www.eventi.es\/blog\/1813\/\" class=\"wp-image-3272\" srcset=\"https:\/\/www.eventi.es\/eventos\/wp-content\/uploads\/2020\/07\/1813-300x207.jpg 300w, https:\/\/www.eventi.es\/eventos\/wp-content\/uploads\/2020\/07\/1813-600x414.jpg 600w, https:\/\/www.eventi.es\/eventos\/wp-content\/uploads\/2020\/07\/1813-1024x707.jpg 1024w, https:\/\/www.eventi.es\/eventos\/wp-content\/uploads\/2020\/07\/1813-768x530.jpg 768w, https:\/\/www.eventi.es\/eventos\/wp-content\/uploads\/2020\/07\/1813-1536x1060.jpg 1536w, https:\/\/www.eventi.es\/eventos\/wp-content\/uploads\/2020\/07\/1813-420x290.jpg 420w, https:\/\/www.eventi.es\/eventos\/wp-content\/uploads\/2020\/07\/1813.jpg 1600w\" sizes=\"auto, (max-width: 300px) 100vw, 300px\" \/><figcaption class=\"blocks-gallery-item__caption\">Cartel informativo sillas<\/figcaption><\/figure><\/li><li class=\"blocks-gallery-item\"><figure><img loading=\"lazy\" decoding=\"async\" width=\"300\" height=\"192\" src=\"https:\/\/www.eventi.es\/blog\/wp-content\/uploads\/2020\/07\/1749-300x192.jpg\" alt=\"\" data-id=\"3271\" data-full-url=\"https:\/\/www.eventi.es\/blog\/wp-content\/uploads\/2020\/07\/1749.jpg\" data-link=\"https:\/\/www.eventi.es\/blog\/1749\/\" class=\"wp-image-3271\" srcset=\"https:\/\/www.eventi.es\/eventos\/wp-content\/uploads\/2020\/07\/1749-300x192.jpg 300w, https:\/\/www.eventi.es\/eventos\/wp-content\/uploads\/2020\/07\/1749-600x385.jpg 600w, https:\/\/www.eventi.es\/eventos\/wp-content\/uploads\/2020\/07\/1749-1024x657.jpg 1024w, https:\/\/www.eventi.es\/eventos\/wp-content\/uploads\/2020\/07\/1749-768x492.jpg 768w, https:\/\/www.eventi.es\/eventos\/wp-content\/uploads\/2020\/07\/1749-1536x985.jpg 1536w, https:\/\/www.eventi.es\/eventos\/wp-content\/uploads\/2020\/07\/1749-870x560.jpg 870w, https:\/\/www.eventi.es\/eventos\/wp-content\/uploads\/2020\/07\/1749.jpg 1600w\" sizes=\"auto, (max-width: 300px) 100vw, 300px\" \/><figcaption class=\"blocks-gallery-item__caption\">Distribuci\u00f3n de sillas<\/figcaption><\/figure><\/li><li class=\"blocks-gallery-item\"><figure><img loading=\"lazy\" decoding=\"async\" width=\"300\" height=\"209\" src=\"https:\/\/www.eventi.es\/blog\/wp-content\/uploads\/2020\/07\/1590-300x209.jpg\" alt=\"\" data-id=\"3270\" data-full-url=\"https:\/\/www.eventi.es\/blog\/wp-content\/uploads\/2020\/07\/1590.jpg\" data-link=\"https:\/\/www.eventi.es\/blog\/1590\/\" class=\"wp-image-3270\" srcset=\"https:\/\/www.eventi.es\/eventos\/wp-content\/uploads\/2020\/07\/1590-300x209.jpg 300w, https:\/\/www.eventi.es\/eventos\/wp-content\/uploads\/2020\/07\/1590-600x419.jpg 600w, https:\/\/www.eventi.es\/eventos\/wp-content\/uploads\/2020\/07\/1590-1024x714.jpg 1024w, https:\/\/www.eventi.es\/eventos\/wp-content\/uploads\/2020\/07\/1590-768x536.jpg 768w, https:\/\/www.eventi.es\/eventos\/wp-content\/uploads\/2020\/07\/1590-1536x1071.jpg 1536w, https:\/\/www.eventi.es\/eventos\/wp-content\/uploads\/2020\/07\/1590.jpg 1600w\" sizes=\"auto, (max-width: 300px) 100vw, 300px\" \/><figcaption class=\"blocks-gallery-item__caption\">Espacio del concierto<\/figcaption><\/figure><\/li><li class=\"blocks-gallery-item\"><figure><img loading=\"lazy\" decoding=\"async\" width=\"228\" height=\"300\" src=\"https:\/\/www.eventi.es\/blog\/wp-content\/uploads\/2020\/07\/1586-228x300.jpg\" alt=\"\" data-id=\"3269\" data-full-url=\"https:\/\/www.eventi.es\/blog\/wp-content\/uploads\/2020\/07\/1586.jpg\" data-link=\"https:\/\/www.eventi.es\/blog\/1586\/\" class=\"wp-image-3269\" srcset=\"https:\/\/www.eventi.es\/eventos\/wp-content\/uploads\/2020\/07\/1586-228x300.jpg 228w, https:\/\/www.eventi.es\/eventos\/wp-content\/uploads\/2020\/07\/1586-600x789.jpg 600w, https:\/\/www.eventi.es\/eventos\/wp-content\/uploads\/2020\/07\/1586-779x1024.jpg 779w, https:\/\/www.eventi.es\/eventos\/wp-content\/uploads\/2020\/07\/1586-768x1010.jpg 768w, https:\/\/www.eventi.es\/eventos\/wp-content\/uploads\/2020\/07\/1586-1168x1536.jpg 1168w, https:\/\/www.eventi.es\/eventos\/wp-content\/uploads\/2020\/07\/1586.jpg 1217w\" sizes=\"auto, (max-width: 228px) 100vw, 228px\" \/><figcaption class=\"blocks-gallery-item__caption\">Control acceso zona concierto<\/figcaption><\/figure><\/li><li class=\"blocks-gallery-item\"><figure><img loading=\"lazy\" decoding=\"async\" width=\"212\" height=\"300\" src=\"https:\/\/www.eventi.es\/blog\/wp-content\/uploads\/2020\/07\/1546-212x300.jpg\" alt=\"\" data-id=\"3268\" data-full-url=\"https:\/\/www.eventi.es\/blog\/wp-content\/uploads\/2020\/07\/1546.jpg\" data-link=\"https:\/\/www.eventi.es\/blog\/1546\/\" class=\"wp-image-3268\" srcset=\"https:\/\/www.eventi.es\/eventos\/wp-content\/uploads\/2020\/07\/1546-212x300.jpg 212w, https:\/\/www.eventi.es\/eventos\/wp-content\/uploads\/2020\/07\/1546-600x847.jpg 600w, https:\/\/www.eventi.es\/eventos\/wp-content\/uploads\/2020\/07\/1546-725x1024.jpg 725w, https:\/\/www.eventi.es\/eventos\/wp-content\/uploads\/2020\/07\/1546-768x1085.jpg 768w, https:\/\/www.eventi.es\/eventos\/wp-content\/uploads\/2020\/07\/1546-1088x1536.jpg 1088w, https:\/\/www.eventi.es\/eventos\/wp-content\/uploads\/2020\/07\/1546.jpg 1133w\" sizes=\"auto, (max-width: 212px) 100vw, 212px\" \/><figcaption class=\"blocks-gallery-item__caption\">Estaciones de higiene<\/figcaption><\/figure><\/li><li class=\"blocks-gallery-item\"><figure><img loading=\"lazy\" decoding=\"async\" width=\"209\" height=\"300\" src=\"https:\/\/www.eventi.es\/blog\/wp-content\/uploads\/2020\/07\/1537-209x300.jpg\" alt=\"\" data-id=\"3267\" data-full-url=\"https:\/\/www.eventi.es\/blog\/wp-content\/uploads\/2020\/07\/1537.jpg\" data-link=\"https:\/\/www.eventi.es\/blog\/1537\/\" class=\"wp-image-3267\" srcset=\"https:\/\/www.eventi.es\/eventos\/wp-content\/uploads\/2020\/07\/1537-209x300.jpg 209w, https:\/\/www.eventi.es\/eventos\/wp-content\/uploads\/2020\/07\/1537-600x861.jpg 600w, https:\/\/www.eventi.es\/eventos\/wp-content\/uploads\/2020\/07\/1537-714x1024.jpg 714w, https:\/\/www.eventi.es\/eventos\/wp-content\/uploads\/2020\/07\/1537-768x1102.jpg 768w, https:\/\/www.eventi.es\/eventos\/wp-content\/uploads\/2020\/07\/1537-1070x1536.jpg 1070w, https:\/\/www.eventi.es\/eventos\/wp-content\/uploads\/2020\/07\/1537.jpg 1115w\" sizes=\"auto, (max-width: 209px) 100vw, 209px\" \/><figcaption class=\"blocks-gallery-item__caption\">Higiene personal<\/figcaption><\/figure><\/li><li class=\"blocks-gallery-item\"><figure><img loading=\"lazy\" decoding=\"async\" width=\"218\" height=\"300\" src=\"https:\/\/www.eventi.es\/blog\/wp-content\/uploads\/2020\/07\/1477-218x300.jpg\" alt=\"\" data-id=\"3266\" data-full-url=\"https:\/\/www.eventi.es\/blog\/wp-content\/uploads\/2020\/07\/1477.jpg\" data-link=\"https:\/\/www.eventi.es\/blog\/1477\/\" class=\"wp-image-3266\" srcset=\"https:\/\/www.eventi.es\/eventos\/wp-content\/uploads\/2020\/07\/1477-218x300.jpg 218w, https:\/\/www.eventi.es\/eventos\/wp-content\/uploads\/2020\/07\/1477-600x827.jpg 600w, https:\/\/www.eventi.es\/eventos\/wp-content\/uploads\/2020\/07\/1477-743x1024.jpg 743w, https:\/\/www.eventi.es\/eventos\/wp-content\/uploads\/2020\/07\/1477-768x1058.jpg 768w, https:\/\/www.eventi.es\/eventos\/wp-content\/uploads\/2020\/07\/1477-1115x1536.jpg 1115w, https:\/\/www.eventi.es\/eventos\/wp-content\/uploads\/2020\/07\/1477.jpg 1161w\" sizes=\"auto, (max-width: 218px) 100vw, 218px\" \/><figcaption class=\"blocks-gallery-item__caption\">Mantenimeinto de distancia<\/figcaption><\/figure><\/li><li class=\"blocks-gallery-item\"><figure><img loading=\"lazy\" decoding=\"async\" width=\"191\" height=\"300\" src=\"https:\/\/www.eventi.es\/blog\/wp-content\/uploads\/2020\/07\/1453-191x300.jpg\" alt=\"\" data-id=\"3265\" data-full-url=\"https:\/\/www.eventi.es\/blog\/wp-content\/uploads\/2020\/07\/1453.jpg\" data-link=\"https:\/\/www.eventi.es\/blog\/1453\/\" class=\"wp-image-3265\" srcset=\"https:\/\/www.eventi.es\/eventos\/wp-content\/uploads\/2020\/07\/1453-191x300.jpg 191w, https:\/\/www.eventi.es\/eventos\/wp-content\/uploads\/2020\/07\/1453-600x944.jpg 600w, https:\/\/www.eventi.es\/eventos\/wp-content\/uploads\/2020\/07\/1453-651x1024.jpg 651w, https:\/\/www.eventi.es\/eventos\/wp-content\/uploads\/2020\/07\/1453-768x1208.jpg 768w, https:\/\/www.eventi.es\/eventos\/wp-content\/uploads\/2020\/07\/1453-976x1536.jpg 976w, https:\/\/www.eventi.es\/eventos\/wp-content\/uploads\/2020\/07\/1453.jpg 1017w\" sizes=\"auto, (max-width: 191px) 100vw, 191px\" \/><figcaption class=\"blocks-gallery-item__caption\">Colas de acceso<\/figcaption><\/figure><\/li><li class=\"blocks-gallery-item\"><figure><img loading=\"lazy\" decoding=\"async\" width=\"300\" height=\"204\" src=\"https:\/\/www.eventi.es\/blog\/wp-content\/uploads\/2020\/07\/1452-300x204.jpg\" alt=\"\" data-id=\"3264\" data-full-url=\"https:\/\/www.eventi.es\/blog\/wp-content\/uploads\/2020\/07\/1452.jpg\" data-link=\"https:\/\/www.eventi.es\/blog\/1452\/\" class=\"wp-image-3264\" srcset=\"https:\/\/www.eventi.es\/eventos\/wp-content\/uploads\/2020\/07\/1452-300x204.jpg 300w, https:\/\/www.eventi.es\/eventos\/wp-content\/uploads\/2020\/07\/1452-600x407.jpg 600w, https:\/\/www.eventi.es\/eventos\/wp-content\/uploads\/2020\/07\/1452-1024x695.jpg 1024w, https:\/\/www.eventi.es\/eventos\/wp-content\/uploads\/2020\/07\/1452-768x521.jpg 768w, https:\/\/www.eventi.es\/eventos\/wp-content\/uploads\/2020\/07\/1452-1536x1043.jpg 1536w, https:\/\/www.eventi.es\/eventos\/wp-content\/uploads\/2020\/07\/1452.jpg 1600w\" sizes=\"auto, (max-width: 300px) 100vw, 300px\" \/><figcaption class=\"blocks-gallery-item__caption\">Control de aforo<\/figcaption><\/figure><\/li><li class=\"blocks-gallery-item\"><figure><img loading=\"lazy\" decoding=\"async\" width=\"190\" height=\"300\" src=\"https:\/\/www.eventi.es\/blog\/wp-content\/uploads\/2020\/07\/1448-retocada-190x300.jpg\" alt=\"\" data-id=\"3263\" data-full-url=\"https:\/\/www.eventi.es\/blog\/wp-content\/uploads\/2020\/07\/1448-retocada.jpg\" data-link=\"https:\/\/www.eventi.es\/blog\/1448-retocada\/\" class=\"wp-image-3263\" srcset=\"https:\/\/www.eventi.es\/eventos\/wp-content\/uploads\/2020\/07\/1448-retocada-190x300.jpg 190w, https:\/\/www.eventi.es\/eventos\/wp-content\/uploads\/2020\/07\/1448-retocada-450x711.jpg 450w, https:\/\/www.eventi.es\/eventos\/wp-content\/uploads\/2020\/07\/1448-retocada.jpg 506w\" sizes=\"auto, (max-width: 190px) 100vw, 190px\" \/><figcaption class=\"blocks-gallery-item__caption\">Control de aforo<\/figcaption><\/figure><\/li><li class=\"blocks-gallery-item\"><figure><img loading=\"lazy\" decoding=\"async\" width=\"233\" height=\"300\" src=\"https:\/\/www.eventi.es\/blog\/wp-content\/uploads\/2020\/07\/1402-233x300.jpg\" alt=\"\" data-id=\"3262\" data-full-url=\"https:\/\/www.eventi.es\/blog\/wp-content\/uploads\/2020\/07\/1402.jpg\" data-link=\"https:\/\/www.eventi.es\/blog\/1402\/\" class=\"wp-image-3262\" srcset=\"https:\/\/www.eventi.es\/eventos\/wp-content\/uploads\/2020\/07\/1402-233x300.jpg 233w, https:\/\/www.eventi.es\/eventos\/wp-content\/uploads\/2020\/07\/1402-600x771.jpg 600w, https:\/\/www.eventi.es\/eventos\/wp-content\/uploads\/2020\/07\/1402-797x1024.jpg 797w, https:\/\/www.eventi.es\/eventos\/wp-content\/uploads\/2020\/07\/1402-768x987.jpg 768w, https:\/\/www.eventi.es\/eventos\/wp-content\/uploads\/2020\/07\/1402-1195x1536.jpg 1195w, https:\/\/www.eventi.es\/eventos\/wp-content\/uploads\/2020\/07\/1402.jpg 1245w\" sizes=\"auto, (max-width: 233px) 100vw, 233px\" \/><figcaption class=\"blocks-gallery-item__caption\">Acceso delimitados<\/figcaption><\/figure><\/li><li class=\"blocks-gallery-item\"><figure><img loading=\"lazy\" decoding=\"async\" width=\"216\" height=\"300\" src=\"https:\/\/www.eventi.es\/blog\/wp-content\/uploads\/2020\/07\/1387-216x300.jpg\" alt=\"Galer\u00eda de im\u00e1genes\" data-id=\"3261\" data-full-url=\"https:\/\/www.eventi.es\/blog\/wp-content\/uploads\/2020\/07\/1387.jpg\" data-link=\"https:\/\/www.eventi.es\/blog\/1387\/\" class=\"wp-image-3261\" srcset=\"https:\/\/www.eventi.es\/eventos\/wp-content\/uploads\/2020\/07\/1387-216x300.jpg 216w, https:\/\/www.eventi.es\/eventos\/wp-content\/uploads\/2020\/07\/1387-600x834.jpg 600w, https:\/\/www.eventi.es\/eventos\/wp-content\/uploads\/2020\/07\/1387-737x1024.jpg 737w, https:\/\/www.eventi.es\/eventos\/wp-content\/uploads\/2020\/07\/1387-768x1068.jpg 768w, https:\/\/www.eventi.es\/eventos\/wp-content\/uploads\/2020\/07\/1387-1105x1536.jpg 1105w, https:\/\/www.eventi.es\/eventos\/wp-content\/uploads\/2020\/07\/1387.jpg 1151w\" sizes=\"auto, (max-width: 216px) 100vw, 216px\" \/><figcaption class=\"blocks-gallery-item__caption\">Panel informativo entrada<\/figcaption><\/figure><\/li><\/ul><\/figure>\n\n\n\n<p><br><\/p>\n","protected":false},"excerpt":{"rendered":"<p>El pasado d\u00eda 18 de julio afront\u00e1bamos un reto profesional que se convirti\u00f3 tambi\u00e9n en reto personal, algo l\u00f3gico cuando pones todo tu esfuerzo y dedicaci\u00f3n en ello. Era el primer evento que, aunque de peque\u00f1o formato, nos pon\u00eda frente a frente contra el coronavirus.<\/p>\n","protected":false},"author":1,"featured_media":3272,"comment_status":"open","ping_status":"open","sticky":false,"template":"","format":"standard","meta":{"_themeisle_gutenberg_block_has_review":false,"footnotes":""},"categories":[18,130],"tags":[184,177,20,296,267,320,212,213,139,321,322],"class_list":["post-3274","post","type-post","status-publish","format-standard","has-post-thumbnail","hentry","category-eventos","category-turismo","tag-azafatas","tag-eventi","tag-eventos","tag-iluminacion-escenica","tag-monasterio-de-o-couto","tag-monasterio-de-san-martin-de-xuvia","tag-monasterio-del-couto","tag-naron","tag-noite-no-mosteiro","tag-promocion-de-recursos-turisticos","tag-protocolo-covid"],"_links":{"self":[{"href":"https:\/\/www.eventi.es\/eventos\/wp-json\/wp\/v2\/posts\/3274","targetHints":{"allow":["GET"]}}],"collection":[{"href":"https:\/\/www.eventi.es\/eventos\/wp-json\/wp\/v2\/posts"}],"about":[{"href":"https:\/\/www.eventi.es\/eventos\/wp-json\/wp\/v2\/types\/post"}],"author":[{"embeddable":true,"href":"https:\/\/www.eventi.es\/eventos\/wp-json\/wp\/v2\/users\/1"}],"replies":[{"embeddable":true,"href":"https:\/\/www.eventi.es\/eventos\/wp-json\/wp\/v2\/comments?post=3274"}],"version-history":[{"count":1,"href":"https:\/\/www.eventi.es\/eventos\/wp-json\/wp\/v2\/posts\/3274\/revisions"}],"predecessor-version":[{"id":3275,"href":"https:\/\/www.eventi.es\/eventos\/wp-json\/wp\/v2\/posts\/3274\/revisions\/3275"}],"wp:featuredmedia":[{"embeddable":true,"href":"https:\/\/www.eventi.es\/eventos\/wp-json\/wp\/v2\/media\/3272"}],"wp:attachment":[{"href":"https:\/\/www.eventi.es\/eventos\/wp-json\/wp\/v2\/media?parent=3274"}],"wp:term":[{"taxonomy":"category","embeddable":true,"href":"https:\/\/www.eventi.es\/eventos\/wp-json\/wp\/v2\/categories?post=3274"},{"taxonomy":"post_tag","embeddable":true,"href":"https:\/\/www.eventi.es\/eventos\/wp-json\/wp\/v2\/tags?post=3274"}],"curies":[{"name":"wp","href":"https:\/\/api.w.org\/{rel}","templated":true}]}}